{"id":48055,"date":"2026-03-06T11:54:00","date_gmt":"2026-03-06T10:54:00","guid":{"rendered":"https:\/\/alumni.polimi.it\/?p=48055"},"modified":"2026-03-18T09:20:09","modified_gmt":"2026-03-18T08:20:09","slug":"lalumnus-alessandro-andreoni-designer-e-campione-paralimpico","status":"publish","type":"post","link":"https:\/\/alumni.polimi.it\/en\/2026\/03\/06\/lalumnus-alessandro-andreoni-designer-e-campione-paralimpico\/","title":{"rendered":"L&#8217;Alumnus Alessandro Andreoni, designer e campione paralimpico"},"content":{"rendered":"<p>Tutto ha inizio molto presto al <strong>Palaghiaccio di Varese<\/strong>, osservando il fratello maggiore allenarsi. A 16 anni, Alessandro Andreoni scopre l\u2019hockey Paralimpico grazie alla <strong>Polha Varese (@polhavarese)<\/strong>. Andreoni descrive quel momento: <em>&#8220;finalmente uno sport di squadra sul ghiaccio che mi permetteva di esprimermi davvero&#8221;<\/em>. Da quella scoperta sono nati molti traguardi, tra cui il primo Europeo nel 2016, i Mondiali e le <strong>Paralimpiadi nel 2018 e nel 2022<\/strong>.<\/p>\n\n\n\n<figure class=\"wp-block-image size-large\"><img loading=\"lazy\" decoding=\"async\" width=\"1024\" height=\"683\" src=\"https:\/\/alumni.polimi.it\/wp-content\/uploads\/image1-1024x683.jpeg\" alt=\"\" class=\"wp-image-48058\" srcset=\"https:\/\/alumni.polimi.it\/wp-content\/uploads\/image1-1024x683.jpeg 1024w, https:\/\/alumni.polimi.it\/wp-content\/uploads\/image1-300x200.jpeg 300w, https:\/\/alumni.polimi.it\/wp-content\/uploads\/image1-768x512.jpeg 768w, https:\/\/alumni.polimi.it\/wp-content\/uploads\/image1-1536x1024.jpeg 1536w, https:\/\/alumni.polimi.it\/wp-content\/uploads\/image1-2048x1365.jpeg 2048w, https:\/\/alumni.polimi.it\/wp-content\/uploads\/image1-18x12.jpeg 18w\" sizes=\"auto, (max-width: 1024px) 100vw, 1024px\" \/><\/figure>\n\n\n\n<p><\/p>\n\n\n\n<h3 class=\"wp-block-heading\">L&#8217;equilibrio tra studio e sport<\/h3>\n\n\n\n<p>Parallelamente ai successi sportivi, Alessandro \u00e8 Alumnus del Politecnico di Milano, laureato in Design della Comunicazione. L&#8217;opportunit\u00e0 di seguire contemporaneamente studi e sport attraverso il programma <strong>Dual Career<\/strong> si \u00e8 rivelata decisiva. L&#8217;atleta spiega infatti che <em>&#8220;\u00e8 stato fondamentale trovare il modo di conciliare una carriera sportiva, impegnativa ma non professionistica, con il percorso al Politecnico. Il programma Dual Career mi ha aiutato a gestire i periodi di maggiore intensit\u00e0 e a crescere in modo equilibrato, sia sul piano personale sia su quello professionale.&#8221;<\/em><\/p>\n\n\n\n<p>Oggi, lo sguardo \u00e8 rivolto a <strong>Milano Cortina<\/strong> e l&#8217;obiettivo \u00e8 migliorare il risultato ottenuto a Pechino.  La preparazione \u00e8 diventata pi\u00f9 strutturata e l&#8217;organizzazione attuale permette al team di allenarsi pi\u00f9 volte a settimana anche al mattino, conciliando lavoro e sport. <em>&#8220;La sfida principale \u00e8 trovare il giusto equilibrio tra allenamenti, impegni lavorativi e vita privata&#8221;<\/em>. <\/p>\n\n\n\n<div class=\"wp-block-columns is-layout-flex wp-container-core-columns-is-layout-9d6595d7 wp-block-columns-is-layout-flex\">\n<div class=\"wp-block-column is-layout-flow wp-block-column-is-layout-flow\" style=\"flex-basis:66.66%\">\n<figure class=\"wp-block-image size-large\"><img loading=\"lazy\" decoding=\"async\" width=\"1024\" height=\"683\" src=\"http:\/\/alumni.polimi.it\/wp-content\/uploads\/image4-1024x683.jpeg\" alt=\"\" class=\"wp-image-48056\" srcset=\"https:\/\/alumni.polimi.it\/wp-content\/uploads\/image4-1024x683.jpeg 1024w, https:\/\/alumni.polimi.it\/wp-content\/uploads\/image4-300x200.jpeg 300w, https:\/\/alumni.polimi.it\/wp-content\/uploads\/image4-768x512.jpeg 768w, https:\/\/alumni.polimi.it\/wp-content\/uploads\/image4-1536x1025.jpeg 1536w, https:\/\/alumni.polimi.it\/wp-content\/uploads\/image4-2048x1366.jpeg 2048w, https:\/\/alumni.polimi.it\/wp-content\/uploads\/image4-18x12.jpeg 18w\" sizes=\"auto, (max-width: 1024px) 100vw, 1024px\" \/><\/figure>\n<\/div>\n\n\n\n<div class=\"wp-block-column is-layout-flow wp-block-column-is-layout-flow\" style=\"flex-basis:33.33%\">\n<blockquote class=\"wp-block-quote is-layout-flow wp-block-quote-is-layout-flow\">\n<blockquote class=\"wp-block-quote is-layout-flow wp-block-quote-is-layout-flow\">\n<figure class=\"wp-block-pullquote\"><blockquote><p><mark style=\"background-color:rgba(0, 0, 0, 0)\" class=\"has-inline-color has-vivid-cyan-blue-color\"><strong>&#8220;<em>Indossare la maglia azzurra e rappresentare l\u2019Italia su un palcoscenico cos\u00ec importante \u00e8 motivo di grande orgoglio. <\/em>&#8220;<\/strong><\/mark><\/p><\/blockquote><\/figure>\n<\/blockquote>\n<\/blockquote>\n<\/div>\n<\/div>\n\n\n\n<h3 class=\"wp-block-heading\">L&#8217;emozione della maglia azzurra<\/h3>\n\n\n\n<p>Partecipare alle Paralimpiadi rappresenta per lui un onore difficile da descrivere. Indossare la maglia azzurra e rappresentare l\u2019Italia \u00e8 motivo di grande orgoglio, ma l&#8217;appuntamento del 2026 ha un sapore speciale. Alessandro sottolinea come giocare &#8220;in casa&#8221;, davanti a un pubblico numeroso, sia reso ancora pi\u00f9 coinvolgente dal fatto che vi contribuir\u00e0 professionalmente lavorando all\u2019organizzazione dei Giochi.<\/p>\n\n\n\n<p>A chi sogna di seguire una strada simile, Andreoni consiglia di non aver paura della fatica e di circondarsi delle persone giuste. Secondo la sua visione, sport e studio possono rafforzarsi a vicenda:<\/p>\n\n\n\n<blockquote class=\"wp-block-quote is-layout-flow wp-block-quote-is-layout-flow\">\n<p><em>&#8220;Lo sport insegna disciplina, gestione del tempo e resilienza; l\u2019universit\u00e0 offre strumenti critici e visione. \u00c8 importante chiedere supporto quando serve e non dare per scontato nulla: ogni traguardo \u00e8 il risultato di costanza quotidiana.&#8221;<\/em><\/p>\n\n\n\n<figure class=\"wp-block-gallery has-nested-images columns-default is-cropped wp-block-gallery-1 is-layout-flex wp-block-gallery-is-layout-flex\">\n<figure class=\"wp-block-image size-large\"><img loading=\"lazy\" decoding=\"async\" width=\"1024\" height=\"683\" data-id=\"48059\" src=\"https:\/\/alumni.polimi.it\/wp-content\/uploads\/image2-1024x683.jpeg\" alt=\"\" class=\"wp-image-48059\" srcset=\"https:\/\/alumni.polimi.it\/wp-content\/uploads\/image2-1024x683.jpeg 1024w, https:\/\/alumni.polimi.it\/wp-content\/uploads\/image2-300x200.jpeg 300w, https:\/\/alumni.polimi.it\/wp-content\/uploads\/image2-768x512.jpeg 768w, https:\/\/alumni.polimi.it\/wp-content\/uploads\/image2-1536x1024.jpeg 1536w, https:\/\/alumni.polimi.it\/wp-content\/uploads\/image2-2048x1365.jpeg 2048w, https:\/\/alumni.polimi.it\/wp-content\/uploads\/image2-18x12.jpeg 18w\" sizes=\"auto, (max-width: 1024px) 100vw, 1024px\" \/><\/figure>\n<\/figure>\n<\/blockquote>\n\n\n\n<p><\/p>\n\n\n\n<h3 class=\"wp-block-heading\">Un ricordo al Politecnico<\/h3>\n\n\n\n<p>Alessandro ricorda con particolare emozione quando, insieme ai <strong>Proff. Beltrami e Turinetto<\/strong>, ha portato una classe di studenti a lezione nel vivo dell&#8217;organizzazione per questi Giochi Olimpici. &#8220;<em>L&#8217;obiettivo, condiviso con molti colleghi professionisti, era mostrare ai futuri designer quanto sia complesso il progetto di un grande evento e sistema come i Giochi Invernali. \u00c8 stato davvero emozionante e soddisfacente!&#8221;<\/em>, conclude l&#8217;Alumnus.<\/p>\n\n\n\n<p>***<br>Alumni Politecnico di Milano sostiene il futuro dei giovani. Aderisci anche tu alla raccolta fondi <a href=\"https:\/\/www.linkedin.com\/search\/results\/all\/?keywords=%23alumnipolimicommunity&amp;origin=HASH_TAG_FROM_FEED\">#AlumniPolimiCommunity<\/a>: con una donazione, contribuisci alla creazione di borse di studio per gli studenti del Politecnico di Milano <a href=\"https:\/\/lnkd.in\/dhf2x7V2\" target=\"_blank\" rel=\"noreferrer noopener\">DONA ORA<\/a><br>***<\/p>\n\n\n\n<div style=\"height:100px\" aria-hidden=\"true\" class=\"wp-block-spacer\"><\/div>\n\n\n\n<p><\/p>","protected":false},"excerpt":{"rendered":"<p>Tutto ha inizio molto presto al Palaghiaccio di Varese, osservando il fratello maggiore allenarsi. A 16 anni, Alessandro Andreoni scopre l\u2019hockey Paralimpico grazie alla Polha Varese (@polhavarese). Andreoni descrive quel [&hellip;]<\/p>\n","protected":false},"author":29,"featured_media":48197,"comment_status":"closed","ping_status":"open","sticky":false,"template":"","format":"standard","meta":{"_acf_changed":false,"footnotes":""},"categories":[645],"tags":[],"class_list":["post-48055","post","type-post","status-publish","format-standard","has-post-thumbnail","hentry","category-awards"],"acf":[],"yoast_head":"<!-- This site is optimized with the Yoast SEO plugin v27.4 - https:\/\/yoast.com\/product\/yoast-seo-wordpress\/ -->\n<title>L&#039;Alumnus Alessandro Andreoni, designer e campione paralimpico - Alumni<\/title>\n<meta name=\"robots\" content=\"index, follow, max-snippet:-1, max-image-preview:large, max-video-preview:-1\" \/>\n<link rel=\"canonical\" href=\"https:\/\/alumni.polimi.it\/en\/2026\/03\/06\/lalumnus-alessandro-andreoni-designer-e-campione-paralimpico\/\" \/>\n<meta property=\"og:locale\" content=\"en_US\" \/>\n<meta property=\"og:type\" content=\"article\" \/>\n<meta property=\"og:title\" content=\"L&#039;Alumnus Alessandro Andreoni, designer e campione paralimpico - Alumni\" \/>\n<meta property=\"og:description\" content=\"Tutto ha inizio molto presto al Palaghiaccio di Varese, osservando il fratello maggiore allenarsi. A 16 anni, Alessandro Andreoni scopre l\u2019hockey Paralimpico grazie alla Polha Varese (@polhavarese). Andreoni descrive quel [&hellip;]\" \/>\n<meta property=\"og:url\" content=\"https:\/\/alumni.polimi.it\/en\/2026\/03\/06\/lalumnus-alessandro-andreoni-designer-e-campione-paralimpico\/\" \/>\n<meta property=\"og:site_name\" content=\"Alumni\" \/>\n<meta property=\"article:publisher\" content=\"https:\/\/www.facebook.com\/AlumniPolimi\/\" \/>\n<meta property=\"article:published_time\" content=\"2026-03-06T10:54:00+00:00\" \/>\n<meta property=\"article:modified_time\" content=\"2026-03-18T08:20:09+00:00\" \/>\n<meta property=\"og:image\" content=\"http:\/\/alumni.polimi.it\/wp-content\/uploads\/Untitled-2-749x1024.jpg\" \/>\n\t<meta property=\"og:image:width\" content=\"749\" \/>\n\t<meta property=\"og:image:height\" content=\"1024\" \/>\n\t<meta property=\"og:image:type\" content=\"image\/jpeg\" \/>\n<meta name=\"author\" content=\"admin\" \/>\n<meta name=\"twitter:card\" content=\"summary_large_image\" \/>\n<meta name=\"twitter:label1\" content=\"Written by\" \/>\n\t<meta name=\"twitter:data1\" content=\"admin\" \/>\n\t<meta name=\"twitter:label2\" content=\"Est. reading time\" \/>\n\t<meta name=\"twitter:data2\" content=\"3 minutes\" \/>\n<script type=\"application\/ld+json\" class=\"yoast-schema-graph\">{\"@context\":\"https:\\\/\\\/schema.org\",\"@graph\":[{\"@type\":\"Article\",\"@id\":\"https:\\\/\\\/alumni.polimi.it\\\/2026\\\/03\\\/06\\\/lalumnus-alessandro-andreoni-designer-e-campione-paralimpico\\\/#article\",\"isPartOf\":{\"@id\":\"https:\\\/\\\/alumni.polimi.it\\\/2026\\\/03\\\/06\\\/lalumnus-alessandro-andreoni-designer-e-campione-paralimpico\\\/\"},\"author\":{\"name\":\"admin\",\"@id\":\"https:\\\/\\\/alumni.polimi.it\\\/#\\\/schema\\\/person\\\/ad861bbe4e9151a1e36776ad0690b95f\"},\"headline\":\"L&#8217;Alumnus Alessandro Andreoni, designer e campione paralimpico\",\"datePublished\":\"2026-03-06T10:54:00+00:00\",\"dateModified\":\"2026-03-18T08:20:09+00:00\",\"mainEntityOfPage\":{\"@id\":\"https:\\\/\\\/alumni.polimi.it\\\/2026\\\/03\\\/06\\\/lalumnus-alessandro-andreoni-designer-e-campione-paralimpico\\\/\"},\"wordCount\":466,\"publisher\":{\"@id\":\"https:\\\/\\\/alumni.polimi.it\\\/#organization\"},\"image\":{\"@id\":\"https:\\\/\\\/alumni.polimi.it\\\/2026\\\/03\\\/06\\\/lalumnus-alessandro-andreoni-designer-e-campione-paralimpico\\\/#primaryimage\"},\"thumbnailUrl\":\"https:\\\/\\\/alumni.polimi.it\\\/wp-content\\\/uploads\\\/Untitled-2.jpg\",\"articleSection\":[\"AWARDS\"],\"inLanguage\":\"en-US\"},{\"@type\":\"WebPage\",\"@id\":\"https:\\\/\\\/alumni.polimi.it\\\/2026\\\/03\\\/06\\\/lalumnus-alessandro-andreoni-designer-e-campione-paralimpico\\\/\",\"url\":\"https:\\\/\\\/alumni.polimi.it\\\/2026\\\/03\\\/06\\\/lalumnus-alessandro-andreoni-designer-e-campione-paralimpico\\\/\",\"name\":\"L'Alumnus Alessandro Andreoni, designer e campione paralimpico - Alumni\",\"isPartOf\":{\"@id\":\"https:\\\/\\\/alumni.polimi.it\\\/#website\"},\"primaryImageOfPage\":{\"@id\":\"https:\\\/\\\/alumni.polimi.it\\\/2026\\\/03\\\/06\\\/lalumnus-alessandro-andreoni-designer-e-campione-paralimpico\\\/#primaryimage\"},\"image\":{\"@id\":\"https:\\\/\\\/alumni.polimi.it\\\/2026\\\/03\\\/06\\\/lalumnus-alessandro-andreoni-designer-e-campione-paralimpico\\\/#primaryimage\"},\"thumbnailUrl\":\"https:\\\/\\\/alumni.polimi.it\\\/wp-content\\\/uploads\\\/Untitled-2.jpg\",\"datePublished\":\"2026-03-06T10:54:00+00:00\",\"dateModified\":\"2026-03-18T08:20:09+00:00\",\"breadcrumb\":{\"@id\":\"https:\\\/\\\/alumni.polimi.it\\\/2026\\\/03\\\/06\\\/lalumnus-alessandro-andreoni-designer-e-campione-paralimpico\\\/#breadcrumb\"},\"inLanguage\":\"en-US\",\"potentialAction\":[{\"@type\":\"ReadAction\",\"target\":[\"https:\\\/\\\/alumni.polimi.it\\\/2026\\\/03\\\/06\\\/lalumnus-alessandro-andreoni-designer-e-campione-paralimpico\\\/\"]}]},{\"@type\":\"ImageObject\",\"inLanguage\":\"en-US\",\"@id\":\"https:\\\/\\\/alumni.polimi.it\\\/2026\\\/03\\\/06\\\/lalumnus-alessandro-andreoni-designer-e-campione-paralimpico\\\/#primaryimage\",\"url\":\"https:\\\/\\\/alumni.polimi.it\\\/wp-content\\\/uploads\\\/Untitled-2.jpg\",\"contentUrl\":\"https:\\\/\\\/alumni.polimi.it\\\/wp-content\\\/uploads\\\/Untitled-2.jpg\",\"width\":1800,\"height\":2461},{\"@type\":\"BreadcrumbList\",\"@id\":\"https:\\\/\\\/alumni.polimi.it\\\/2026\\\/03\\\/06\\\/lalumnus-alessandro-andreoni-designer-e-campione-paralimpico\\\/#breadcrumb\",\"itemListElement\":[{\"@type\":\"ListItem\",\"position\":1,\"name\":\"Home\",\"item\":\"https:\\\/\\\/alumni.polimi.it\\\/\"},{\"@type\":\"ListItem\",\"position\":2,\"name\":\"L&#8217;Alumnus Alessandro Andreoni, designer e campione paralimpico\"}]},{\"@type\":\"WebSite\",\"@id\":\"https:\\\/\\\/alumni.polimi.it\\\/#website\",\"url\":\"https:\\\/\\\/alumni.polimi.it\\\/\",\"name\":\"Alumni\",\"description\":\"Politecnico di Milano\",\"publisher\":{\"@id\":\"https:\\\/\\\/alumni.polimi.it\\\/#organization\"},\"potentialAction\":[{\"@type\":\"SearchAction\",\"target\":{\"@type\":\"EntryPoint\",\"urlTemplate\":\"https:\\\/\\\/alumni.polimi.it\\\/?s={search_term_string}\"},\"query-input\":{\"@type\":\"PropertyValueSpecification\",\"valueRequired\":true,\"valueName\":\"search_term_string\"}}],\"inLanguage\":\"en-US\"},{\"@type\":\"Organization\",\"@id\":\"https:\\\/\\\/alumni.polimi.it\\\/#organization\",\"name\":\"Alumni Polimi Association\",\"url\":\"https:\\\/\\\/alumni.polimi.it\\\/\",\"logo\":{\"@type\":\"ImageObject\",\"inLanguage\":\"en-US\",\"@id\":\"https:\\\/\\\/alumni.polimi.it\\\/#\\\/schema\\\/logo\\\/image\\\/\",\"url\":\"https:\\\/\\\/alumni.polimi.it\\\/wp-content\\\/uploads\\\/Alumni.jpg\",\"contentUrl\":\"https:\\\/\\\/alumni.polimi.it\\\/wp-content\\\/uploads\\\/Alumni.jpg\",\"width\":1000,\"height\":267,\"caption\":\"Alumni Polimi Association\"},\"image\":{\"@id\":\"https:\\\/\\\/alumni.polimi.it\\\/#\\\/schema\\\/logo\\\/image\\\/\"},\"sameAs\":[\"https:\\\/\\\/www.facebook.com\\\/AlumniPolimi\\\/\",\"https:\\\/\\\/www.linkedin.com\\\/company\\\/alumni-politecnico-di-milano\\\/\"]},{\"@type\":\"Person\",\"@id\":\"https:\\\/\\\/alumni.polimi.it\\\/#\\\/schema\\\/person\\\/ad861bbe4e9151a1e36776ad0690b95f\",\"name\":\"admin\",\"image\":{\"@type\":\"ImageObject\",\"inLanguage\":\"en-US\",\"@id\":\"https:\\\/\\\/secure.gravatar.com\\\/avatar\\\/178b92607435216fe5ceb1d5478e4a76a899165c4fa31ae02b138ccfaf43ba0b?s=96&d=mm&r=g\",\"url\":\"https:\\\/\\\/secure.gravatar.com\\\/avatar\\\/178b92607435216fe5ceb1d5478e4a76a899165c4fa31ae02b138ccfaf43ba0b?s=96&d=mm&r=g\",\"contentUrl\":\"https:\\\/\\\/secure.gravatar.com\\\/avatar\\\/178b92607435216fe5ceb1d5478e4a76a899165c4fa31ae02b138ccfaf43ba0b?s=96&d=mm&r=g\",\"caption\":\"admin\"},\"url\":\"https:\\\/\\\/alumni.polimi.it\\\/en\\\/author\\\/admin\\\/\"}]}<\/script>\n<!-- \/ Yoast SEO plugin. -->","yoast_head_json":{"title":"L'Alumnus Alessandro Andreoni, designer e campione paralimpico - Alumni","robots":{"index":"index","follow":"follow","max-snippet":"max-snippet:-1","max-image-preview":"max-image-preview:large","max-video-preview":"max-video-preview:-1"},"canonical":"https:\/\/alumni.polimi.it\/en\/2026\/03\/06\/lalumnus-alessandro-andreoni-designer-e-campione-paralimpico\/","og_locale":"en_US","og_type":"article","og_title":"L'Alumnus Alessandro Andreoni, designer e campione paralimpico - Alumni","og_description":"Tutto ha inizio molto presto al Palaghiaccio di Varese, osservando il fratello maggiore allenarsi. A 16 anni, Alessandro Andreoni scopre l\u2019hockey Paralimpico grazie alla Polha Varese (@polhavarese). Andreoni descrive quel [&hellip;]","og_url":"https:\/\/alumni.polimi.it\/en\/2026\/03\/06\/lalumnus-alessandro-andreoni-designer-e-campione-paralimpico\/","og_site_name":"Alumni","article_publisher":"https:\/\/www.facebook.com\/AlumniPolimi\/","article_published_time":"2026-03-06T10:54:00+00:00","article_modified_time":"2026-03-18T08:20:09+00:00","og_image":[{"width":749,"height":1024,"url":"http:\/\/alumni.polimi.it\/wp-content\/uploads\/Untitled-2-749x1024.jpg","type":"image\/jpeg"}],"author":"admin","twitter_card":"summary_large_image","twitter_misc":{"Written by":"admin","Est. reading time":"3 minutes"},"schema":{"@context":"https:\/\/schema.org","@graph":[{"@type":"Article","@id":"https:\/\/alumni.polimi.it\/2026\/03\/06\/lalumnus-alessandro-andreoni-designer-e-campione-paralimpico\/#article","isPartOf":{"@id":"https:\/\/alumni.polimi.it\/2026\/03\/06\/lalumnus-alessandro-andreoni-designer-e-campione-paralimpico\/"},"author":{"name":"admin","@id":"https:\/\/alumni.polimi.it\/#\/schema\/person\/ad861bbe4e9151a1e36776ad0690b95f"},"headline":"L&#8217;Alumnus Alessandro Andreoni, designer e campione paralimpico","datePublished":"2026-03-06T10:54:00+00:00","dateModified":"2026-03-18T08:20:09+00:00","mainEntityOfPage":{"@id":"https:\/\/alumni.polimi.it\/2026\/03\/06\/lalumnus-alessandro-andreoni-designer-e-campione-paralimpico\/"},"wordCount":466,"publisher":{"@id":"https:\/\/alumni.polimi.it\/#organization"},"image":{"@id":"https:\/\/alumni.polimi.it\/2026\/03\/06\/lalumnus-alessandro-andreoni-designer-e-campione-paralimpico\/#primaryimage"},"thumbnailUrl":"https:\/\/alumni.polimi.it\/wp-content\/uploads\/Untitled-2.jpg","articleSection":["AWARDS"],"inLanguage":"en-US"},{"@type":"WebPage","@id":"https:\/\/alumni.polimi.it\/2026\/03\/06\/lalumnus-alessandro-andreoni-designer-e-campione-paralimpico\/","url":"https:\/\/alumni.polimi.it\/2026\/03\/06\/lalumnus-alessandro-andreoni-designer-e-campione-paralimpico\/","name":"L'Alumnus Alessandro Andreoni, designer e campione paralimpico - Alumni","isPartOf":{"@id":"https:\/\/alumni.polimi.it\/#website"},"primaryImageOfPage":{"@id":"https:\/\/alumni.polimi.it\/2026\/03\/06\/lalumnus-alessandro-andreoni-designer-e-campione-paralimpico\/#primaryimage"},"image":{"@id":"https:\/\/alumni.polimi.it\/2026\/03\/06\/lalumnus-alessandro-andreoni-designer-e-campione-paralimpico\/#primaryimage"},"thumbnailUrl":"https:\/\/alumni.polimi.it\/wp-content\/uploads\/Untitled-2.jpg","datePublished":"2026-03-06T10:54:00+00:00","dateModified":"2026-03-18T08:20:09+00:00","breadcrumb":{"@id":"https:\/\/alumni.polimi.it\/2026\/03\/06\/lalumnus-alessandro-andreoni-designer-e-campione-paralimpico\/#breadcrumb"},"inLanguage":"en-US","potentialAction":[{"@type":"ReadAction","target":["https:\/\/alumni.polimi.it\/2026\/03\/06\/lalumnus-alessandro-andreoni-designer-e-campione-paralimpico\/"]}]},{"@type":"ImageObject","inLanguage":"en-US","@id":"https:\/\/alumni.polimi.it\/2026\/03\/06\/lalumnus-alessandro-andreoni-designer-e-campione-paralimpico\/#primaryimage","url":"https:\/\/alumni.polimi.it\/wp-content\/uploads\/Untitled-2.jpg","contentUrl":"https:\/\/alumni.polimi.it\/wp-content\/uploads\/Untitled-2.jpg","width":1800,"height":2461},{"@type":"BreadcrumbList","@id":"https:\/\/alumni.polimi.it\/2026\/03\/06\/lalumnus-alessandro-andreoni-designer-e-campione-paralimpico\/#breadcrumb","itemListElement":[{"@type":"ListItem","position":1,"name":"Home","item":"https:\/\/alumni.polimi.it\/"},{"@type":"ListItem","position":2,"name":"L&#8217;Alumnus Alessandro Andreoni, designer e campione paralimpico"}]},{"@type":"WebSite","@id":"https:\/\/alumni.polimi.it\/#website","url":"https:\/\/alumni.polimi.it\/","name":"Alumni","description":"Politecnico di Milano","publisher":{"@id":"https:\/\/alumni.polimi.it\/#organization"},"potentialAction":[{"@type":"SearchAction","target":{"@type":"EntryPoint","urlTemplate":"https:\/\/alumni.polimi.it\/?s={search_term_string}"},"query-input":{"@type":"PropertyValueSpecification","valueRequired":true,"valueName":"search_term_string"}}],"inLanguage":"en-US"},{"@type":"Organization","@id":"https:\/\/alumni.polimi.it\/#organization","name":"Alumni Polimi Association","url":"https:\/\/alumni.polimi.it\/","logo":{"@type":"ImageObject","inLanguage":"en-US","@id":"https:\/\/alumni.polimi.it\/#\/schema\/logo\/image\/","url":"https:\/\/alumni.polimi.it\/wp-content\/uploads\/Alumni.jpg","contentUrl":"https:\/\/alumni.polimi.it\/wp-content\/uploads\/Alumni.jpg","width":1000,"height":267,"caption":"Alumni Polimi Association"},"image":{"@id":"https:\/\/alumni.polimi.it\/#\/schema\/logo\/image\/"},"sameAs":["https:\/\/www.facebook.com\/AlumniPolimi\/","https:\/\/www.linkedin.com\/company\/alumni-politecnico-di-milano\/"]},{"@type":"Person","@id":"https:\/\/alumni.polimi.it\/#\/schema\/person\/ad861bbe4e9151a1e36776ad0690b95f","name":"admin","image":{"@type":"ImageObject","inLanguage":"en-US","@id":"https:\/\/secure.gravatar.com\/avatar\/178b92607435216fe5ceb1d5478e4a76a899165c4fa31ae02b138ccfaf43ba0b?s=96&d=mm&r=g","url":"https:\/\/secure.gravatar.com\/avatar\/178b92607435216fe5ceb1d5478e4a76a899165c4fa31ae02b138ccfaf43ba0b?s=96&d=mm&r=g","contentUrl":"https:\/\/secure.gravatar.com\/avatar\/178b92607435216fe5ceb1d5478e4a76a899165c4fa31ae02b138ccfaf43ba0b?s=96&d=mm&r=g","caption":"admin"},"url":"https:\/\/alumni.polimi.it\/en\/author\/admin\/"}]}},"_links":{"self":[{"href":"https:\/\/alumni.polimi.it\/en\/wp-json\/wp\/v2\/posts\/48055","targetHints":{"allow":["GET"]}}],"collection":[{"href":"https:\/\/alumni.polimi.it\/en\/wp-json\/wp\/v2\/posts"}],"about":[{"href":"https:\/\/alumni.polimi.it\/en\/wp-json\/wp\/v2\/types\/post"}],"author":[{"embeddable":true,"href":"https:\/\/alumni.polimi.it\/en\/wp-json\/wp\/v2\/users\/29"}],"replies":[{"embeddable":true,"href":"https:\/\/alumni.polimi.it\/en\/wp-json\/wp\/v2\/comments?post=48055"}],"version-history":[{"count":4,"href":"https:\/\/alumni.polimi.it\/en\/wp-json\/wp\/v2\/posts\/48055\/revisions"}],"predecessor-version":[{"id":48064,"href":"https:\/\/alumni.polimi.it\/en\/wp-json\/wp\/v2\/posts\/48055\/revisions\/48064"}],"wp:featuredmedia":[{"embeddable":true,"href":"https:\/\/alumni.polimi.it\/en\/wp-json\/wp\/v2\/media\/48197"}],"wp:attachment":[{"href":"https:\/\/alumni.polimi.it\/en\/wp-json\/wp\/v2\/media?parent=48055"}],"wp:term":[{"taxonomy":"category","embeddable":true,"href":"https:\/\/alumni.polimi.it\/en\/wp-json\/wp\/v2\/categories?post=48055"},{"taxonomy":"post_tag","embeddable":true,"href":"https:\/\/alumni.polimi.it\/en\/wp-json\/wp\/v2\/tags?post=48055"}],"curies":[{"name":"wp","href":"https:\/\/api.w.org\/{rel}","templated":true}]}}