{"id":48032,"date":"2026-02-23T09:00:00","date_gmt":"2026-02-23T08:00:00","guid":{"rendered":"https:\/\/alumni.polimi.it\/?p=48032"},"modified":"2026-02-24T11:10:47","modified_gmt":"2026-02-24T10:10:47","slug":"oltre-i-confini-il-politecnico-nel-cuore-delleuropa","status":"publish","type":"post","link":"https:\/\/alumni.polimi.it\/en\/2026\/02\/23\/oltre-i-confini-il-politecnico-nel-cuore-delleuropa\/","title":{"rendered":"Oltre i confini: il Politecnico nel cuore dell\u2019Europa"},"content":{"rendered":"<p>Il 2026 segna uno spartiacque per il Politecnico di Milano. Con l\u2019aggiornamento del Piano Strategico 2026-28, l\u2019Ateneo non si limita a guardare all&#8217;Europa, ma sceglie di abitarla da protagonista. In questa intervista esclusiva alla rettrice Donatella Sciuto, esploriamo la visione di un\u2019universit\u00e0 che si fa &#8220;ponte&#8221; tra ricerca e politiche pubbliche, puntando su tecnologie cutting-edge e su una diplomazia scientifica capace di unire i popoli. Dalle sfide scientifiche alla governance dell&#8217;innovazione, ecco come il Politecnico intende guidare la competitivit\u00e0 industriale e tecnologica del Paese nei prossimi tre anni.<\/p>\n\n\n\n<p><em>Redazione Alumni: Buongiorno Rettrice. Il Piano Strategico evidenzia molto chiaramente come il Politecnico si definisca sempre pi\u00f9 come un\u2019universit\u00e0 europea: che ruolo vede per l\u2019Ateneo all\u2019interno dello spazio accademico, scientifico ma anche culturale europeo nei prossimi anni? Come si colloca rispetto alle altre grandi universit\u00e0 del continente, e quali passi ritiene necessari per consolidare questo posizionamento?<\/em><\/p>\n\n\n\n<div class=\"wp-block-columns is-layout-flex wp-container-core-columns-is-layout-9d6595d7 wp-block-columns-is-layout-flex\">\n<div class=\"wp-block-column is-layout-flow wp-block-column-is-layout-flow\" style=\"flex-basis:33.33%\">\n<figure class=\"wp-block-image size-large\"><img loading=\"lazy\" decoding=\"async\" width=\"749\" height=\"1024\" src=\"https:\/\/alumni.polimi.it\/wp-content\/uploads\/IntroArticolo-749x1024.jpg\" alt=\"\" class=\"wp-image-48045\" srcset=\"https:\/\/alumni.polimi.it\/wp-content\/uploads\/IntroArticolo-749x1024.jpg 749w, https:\/\/alumni.polimi.it\/wp-content\/uploads\/IntroArticolo-219x300.jpg 219w, https:\/\/alumni.polimi.it\/wp-content\/uploads\/IntroArticolo-768x1050.jpg 768w, https:\/\/alumni.polimi.it\/wp-content\/uploads\/IntroArticolo-1123x1536.jpg 1123w, https:\/\/alumni.polimi.it\/wp-content\/uploads\/IntroArticolo-1498x2048.jpg 1498w, https:\/\/alumni.polimi.it\/wp-content\/uploads\/IntroArticolo-9x12.jpg 9w, https:\/\/alumni.polimi.it\/wp-content\/uploads\/IntroArticolo.jpg 1800w\" sizes=\"auto, (max-width: 749px) 100vw, 749px\" \/><\/figure>\n<\/div>\n\n\n\n<div class=\"wp-block-column is-layout-flow wp-block-column-is-layout-flow\" style=\"flex-basis:66.66%\">\n<p><strong>Donatella Sciuto<\/strong>: Il Politecnico \u00e8 un\u2019universit\u00e0 europea per dimensione e visione. Da tempo partecipiamo a reti di eccellenza, come Idea League ed Enhance, di cui fanno parte alcune delle pi\u00f9 rinomate universit\u00e0 del continente. Sul fronte della ricerca, siamo il primo ateneo in Italia per numero di progetti europei finanziati e quinti in Europa.<\/p>\n\n\n\n<p>Ma non basta. Serve entrare a far parte delle logiche e delle politiche europee in fase embrionale, avere un peso maggiore l\u00e0 dove le decisioni vengono prese. Mi riferisco a Bruxelles, dove abbiamo da poco inaugurato il nostro Liaison Office. Molti ci chiedono perch\u00e9 ora? Perch\u00e9 <strong>siamo ad un crocevia. L\u2019Europa sta vivendo un momento \u201cidentitario\u201d<\/strong> sul fronte politico, economico e tecnologico. Sta definendo le azioni del prossimo Programma Quadro, FP10, e sedersi al tavolo delle istituzioni, portare le nostre istanze e quelle delle aziende che collaborano con noi \u00e8 fondamentale.<\/p>\n\n\n\n<p>L\u2019Europa ha chiaramente individuato le sue <strong>priorit\u00e0: rafforzare la competitivit\u00e0, colmare il divario in termini di innovazione, trasformare l\u2019eccellenza nella ricerca in valore economico e sociale<\/strong>, consolidando il proprio ruolo di attore strategico globale. Questi non sono pi\u00f9 obiettivi astratti. Sono responsabilit\u00e0 concrete. \u00c8 questa la strada che l\u2019Europa ha scelto per s\u00e9 e rappresenta il terreno comune su cui ci muoviamo.<\/p>\n<\/div>\n<\/div>\n\n\n\n<p><em>Redazione Alumni: In tema di internazionalizzazione, nel 2012 fece notizia l\u2019uso della lingua inglese nelle lauree magistrali. Oggi, leggendo il Piano Strategico 26-28, troviamo tre nuove le nuove lauree triennali in inglese? Che significato hanno?<\/em><\/p>\n\n\n\n<p><strong>Donatella Sciuto<\/strong>: Nel 2012, sfidando i vincoli normativi, tra i primi abbiamo lanciato le lauree magistrali in lingua inglese. Un atto coraggioso, ma dovuto. Abbiamo letto i segnali e precorso i tempi. A distanza di quasi quindici anni, oggi pi\u00f9 nessuno mette in discussione questa scelta. I tempi ora quindi maturi per un ulteriore passo avanti. Abbiamo infatti in cantiere nuove lauree triennali in inglese, che partiranno a settembre, per consentire l\u2019accesso a un numero ancora pi\u00f9 ampio di studenti da tutto il mondo. Proponiamo tre nuovi corsi di laurea triennale in ingegneria, dal forte carattere&nbsp;multidisciplinare: Engineering Science a Milano;<br>Industrial Engineering a Piacenza; Process Engineering a Cremona.<\/p>\n\n\n\n<p>Dati alla mano, secondo un recente studio del Cnr, nel 2041 l\u2019universit\u00e0 italiana perder\u00e0 un quinto circa dei propri studenti, il che equivale a 400 mila iscritti in meno. Pi\u00f9 acuto sar\u00e0 il calo dei diciottenni (-26%). Dobbiamo intervenire in questa fascia di et\u00e0, che \u00e8 la pi\u00f9 esposta a un inverno demografico che l\u2019Italia non pu\u00f2 evitare. Fare in modo che questo sia compensato dall\u2019arrivo di giovani da altri Paesi, con <strong>una solida competenza STEM formata nel nostro Ateneo, \u00e8 linfa per il sistema produttivo<\/strong>, oltre che per quello accademico.<\/p>\n\n\n\n<figure class=\"wp-block-image size-large\"><img loading=\"lazy\" decoding=\"async\" width=\"1024\" height=\"318\" src=\"https:\/\/alumni.polimi.it\/wp-content\/uploads\/Taglio-1024x318.jpg\" alt=\"\" class=\"wp-image-48048\" srcset=\"https:\/\/alumni.polimi.it\/wp-content\/uploads\/Taglio-1024x318.jpg 1024w, https:\/\/alumni.polimi.it\/wp-content\/uploads\/Taglio-300x93.jpg 300w, https:\/\/alumni.polimi.it\/wp-content\/uploads\/Taglio-768x239.jpg 768w, https:\/\/alumni.polimi.it\/wp-content\/uploads\/Taglio-1536x478.jpg 1536w, https:\/\/alumni.polimi.it\/wp-content\/uploads\/Taglio-18x6.jpg 18w, https:\/\/alumni.polimi.it\/wp-content\/uploads\/Taglio.jpg 1920w\" sizes=\"auto, (max-width: 1024px) 100vw, 1024px\" \/><\/figure>\n\n\n\n<p><em>Redazione Alumni: Ci parla del ruolo strategico del Politecnico nel rafforzamento del sistema industriale italiano e nella nascita di nuove imprese innovative? In che modo l\u2019Ateneo pu\u00f2 tradurre ricerca e formazione in maggiore competitivit\u00e0 per il Paese?<\/em><\/p>\n\n\n\n<p><strong>Donatella Sciuto<\/strong>: Nei prossimi tre anni vogliamo mettere ancora pi\u00f9 energia nel promuovere le startup e la nascita di nuove imprese, come indicato nel nostro Piano Strategico 2026-28. Crediamo che una vera <strong>cultura imprenditoriale<\/strong> debba partire dalla valorizzazione della ricerca. In questo senso, <a href=\"https:\/\/www.linkedin.com\/posts\/alumni-politecnico-di-milano_politecnico-di-milano-e-universit%C3%A0-bocconi-activity-7422241952886161408-wd4c\/?originalSubdomain=it\">Tech Europe Foundation (TEF)<\/a> rappresenta un esempio concreto di ci\u00f2 che intendiamo realizzare. Sar\u00e0 fondamentale aiutare gli studenti e le studentesse a sviluppare competenze imprenditoriali, rafforzando il programma \u201c<a href=\"https:\/\/www.careerservice.polimi.it\/en\/innovator\">Am I an Innovator?<\/a>\u201d, in collegamento con iniziative come \u201c<a href=\"https:\/\/www.polimi.it\/il-politecnico\/news\/dettaglio-news\/tef-ignition\">Ignition\u201d di TEF<\/a>. In questo modo, potremo offrire opportunit\u00e0 preziose di mentoring, far accedere gli studenti a reti internazionali e sostenerli concretamente quando decideranno di avviare la propria impresa.<\/p>\n\n\n\n<p>Del resto, la posta in gioco \u00e8 alta. Basti pensare a come l\u2019Europa si stia muovendo su questo fronte con il Fondo per la Competitivit\u00e0 e lo European Innovation Council, uno strumento con il quale l\u2019Italia ancora fatica a misurarsi con successo. Siamo bravi nella parte iniziale (Pathfinder: TRL 1-4), ma deboli nei due step successivi, Transition e Acceleration, dove sono concentrati gli investimenti maggiori. Serve quindi puntare in questa direzione. In Italia abbiamo oltre duecento tra incubatori e acceleratori, una frammentazione che ci indebolisce. Manca poi del tutto la <strong>cultura del rischio<\/strong>. Sono pochi gli unicorni italiani che sono riusciti ad affermarsi, non certo per mancanza di talento, ma di opportunit\u00e0. Insomma, abbiamo ampi margini di miglioramento, non solo come Politecnico, ma come sistema Paese.<\/p>\n\n\n\n<p><em>Redazione Alumni: Il Piano accenna a tecnologie cutting edge che necessitano di attenzione. In che modo il Politecnico affronta queste frontiere non solo a livello di ricerca, ma anche strutturale?<\/em><\/p>\n\n\n\n<p><strong>Donatella Sciuto<\/strong>: <strong>Il tema delle tecnologie cutting edge \u00e8 prioritario<\/strong>. Penso all\u2019intelligenza artificiale e al machine learning, oramai pervasive e trasversali rispetto ad intere filiere produttive. Cos\u00ec come, al tema delle tecnologie duali, altamente divisivo\u2026Siamo un\u2019universit\u00e0 di ricerca e di frontiera. Anticipare le evoluzioni e l\u2019impatto delle tecnologie nascenti ci definisce come punto di riferimento per chi \u00e8 chiamato a scelte importanti, dalle istituzioni alle imprese. Non \u00e8 un caso che, da qualche anno, sia attivo un centro di Technology Foresight e che, tra le recenti nomine, abbiamo deciso di inserire all\u2019interno della Governance di Ateneo due nuove deleghe. Una in Data Strategy e l\u2019altra in Tecnologie Dual Use e Research Security.<br><br><\/p>\n\n\n\n<p><em>Redazione Alumni: In un contesto caratterizzato da risorse limitate per l\u2019universit\u00e0, come immagina il Politecnico il proprio equilibrio tra mantenimento dell\u2019eccellenza e ampliamento delle opportunit\u00e0 di accesso? Nei prossimi tre anni prevede un Ateneo pi\u00f9 inclusivo, pi\u00f9 selettivo o capace di tenere insieme entrambe le dimensioni? E quale contributo possono offrire gli Alumni in questo percorso?<\/em><\/p>\n\n\n\n<p><strong>Donatella Sciuto<\/strong>: La risposta \u00e8 una sola: immagino un Politecnico sempre pi\u00f9 accessibile e inclusivo. Ogni azione del mio mandato \u00e8 rivolta in questa direzione. <strong>L\u2019eccellenza si misura, in primis, nella nostra capacit\u00e0 di attrarre il talento e di valorizzarlo<\/strong>, indipendentemente dalla fascia di reddito o dalla provenienza geografica. Il Politecnico gi\u00e0 destina abbondanti risorse proprie, quasi dieci milioni di euro, a copertura delle borse di studio di tutti gli aventi diritto, nessuno escluso. Stiamo poi lavorando a una Dotazione Giovani che verr\u00e0 alimentata da donazioni private per garantire la continuit\u00e0 di questo impegno nel futuro. Non meno importante, un\u2019attenzione particolare sar\u00e0 riservata agli studenti internazionali con borse dedicate a studenti provenienti da zone di conflitto.<\/p>\n\n\n\n<p><strong>Inutile dire come il contributo degli Alumni sia essenziale<\/strong>. Aumentare il numero di laureati STEM, fare in modo di immettere nel mercato del lavoro figure competenti, offrire loro opportunit\u00e0 di crescita \u00e8 un impegno collettivo. <strong>Alimentare una cultura del <em>give back<\/em>, come succede in altri Paesi, non \u00e8 filantropia. \u00c8 capacit\u00e0 di visione. \u00c8 un investimento sul futuro del nostro Paese e dell\u2019Europa<\/strong>.<br><br><\/p>\n\n\n\n<p><em>Redazione Alumni: In uno scenario internazionale attraversato da tensioni e divisioni, cosa significa in pratica per il Politecnico fare diplomazia scientifica? In che modo la collaborazione accademica pu\u00f2 contribuire al dialogo e alla costruzione di ponti tra comunit\u00e0 e Paesi diversi?<\/em><\/p>\n\n\n\n<p><strong>Donatella Sciuto<\/strong>: Mai come in questo momento la tecnologia segna uno spartiacque. Pu\u00f2 essere tanto divisiva quanto aggregante, tanto discriminante quanto egualitaria in termini di progresso e di crescita. La diplomazia scientifica non \u00e8 un vezzo accademico, \u00e8 una <strong>responsabilit\u00e0<\/strong> bene precisa. \u00c8 quell\u2019insieme di azioni e relazioni attraverso le quali <strong>l\u2019universit\u00e0 promuove il dialogo, la cooperazione e lo scambio di conoscenze tra istituzioni accademiche, enti di ricerca e organismi internazionali per favorire uno sviluppo condiviso.<\/strong><\/p>\n\n\n\n<p>Su questo fronte, il Politecnico \u00e8 impegnato da tempo in diverse iniziative, e lo sar\u00e0 ancora di pi\u00f9 nel corso del prossimo triennio. Solo per citarne una: l\u2019Africa Initiative, che seguiamo, su mandato del Ministero dell\u2019Universit\u00e0 e della Ricerca, nell\u2019ambito dell\u2019AU-EU High Level Policy Dialogue on Science, Technology and Innovation della Commissione Europea (per stare in tema\u2026). Ma potrei nominarne molte altre tre le oltre sessanta avviate nell\u2019ultimo triennio.<\/p>\n\n\n\n<p><em>Redazione Alumni: Se fossimo adesso nel 2028 a fare un bilancio: cosa le farebbe dire \u201cquesto Piano non ha funzionato\u201d?<\/em><\/p>\n\n\n\n<p><strong>Donatella Sciuto<\/strong>: Le rispondo al rovescio. Preferisco essere positiva! Direi che questo piano avr\u00e0 funzionato non solo in termini tangibili, non tanto nella misura in cui avr\u00e0 soddisfatto o meno le metriche e i KPI che ci siamo dati, ma nella condizione in cui la nostra comunit\u00e0 ne uscir\u00e0 unita. <strong>Uno dei grandi nemici del nostro tempo \u00e8 la polarizzazione<\/strong> e la tendenza a dividere. <strong>Il Piano avr\u00e0 successo nel momento in cui ci vedr\u00e0 compatti nel 2028 e rafforzati in una visione comune che nasce dai valori europei<\/strong>.<br><br>Per leggere il Piano Strategico: <a href=\"https:\/\/www.polimi.it\/il-politecnico\/chi-siamo\/documenti-strategici\">https:\/\/www.polimi.it\/il-politecnico\/chi-siamo\/documenti-strategici<\/a><\/p>\n\n\n\n<div style=\"height:100px\" aria-hidden=\"true\" class=\"wp-block-spacer\"><\/div>\n\n\n\n<p><\/p>","protected":false},"excerpt":{"rendered":"<p>Il 2026 segna uno spartiacque per il Politecnico di Milano. Con l\u2019aggiornamento del Piano Strategico 2026-28, l\u2019Ateneo non si limita a guardare all&#8217;Europa, ma sceglie di abitarla da protagonista. In [&hellip;]<\/p>\n","protected":false},"author":29,"featured_media":48043,"comment_status":"closed","ping_status":"open","sticky":false,"template":"","format":"standard","meta":{"_acf_changed":false,"footnotes":""},"categories":[5],"tags":[],"class_list":["post-48032","post","type-post","status-publish","format-standard","has-post-thumbnail","hentry","category-cat_rettorato"],"acf":[],"yoast_head":"<!-- This site is optimized with the Yoast SEO plugin v27.4 - https:\/\/yoast.com\/product\/yoast-seo-wordpress\/ -->\n<title>Oltre i confini: il Politecnico nel cuore dell\u2019Europa - Alumni<\/title>\n<meta name=\"description\" content=\"Politecnico di Milano. Con l\u2019aggiornamento del Piano Strategico 2026-28, l\u2019Ateneo guarda all&#039;Europa da protagonista. In questa intervista esclusiva alla rettrice Donatella Sciuto, esploriamo la visione di un\u2019universit\u00e0 che si fa &quot;ponte&quot; tra ricerca e politiche pubbliche, puntando su tecnologie cutting-edge e su una diplomazia scientifica capace di unire i popoli.\" \/>\n<meta name=\"robots\" content=\"index, follow, max-snippet:-1, max-image-preview:large, max-video-preview:-1\" \/>\n<link rel=\"canonical\" href=\"https:\/\/alumni.polimi.it\/en\/2026\/02\/23\/oltre-i-confini-il-politecnico-nel-cuore-delleuropa\/\" \/>\n<meta property=\"og:locale\" content=\"en_US\" \/>\n<meta property=\"og:type\" content=\"article\" \/>\n<meta property=\"og:title\" content=\"Oltre i confini: il Politecnico nel cuore dell\u2019Europa - Alumni\" \/>\n<meta property=\"og:description\" content=\"Politecnico di Milano. Con l\u2019aggiornamento del Piano Strategico 2026-28, l\u2019Ateneo guarda all&#039;Europa da protagonista. In questa intervista esclusiva alla rettrice Donatella Sciuto, esploriamo la visione di un\u2019universit\u00e0 che si fa &quot;ponte&quot; tra ricerca e politiche pubbliche, puntando su tecnologie cutting-edge e su una diplomazia scientifica capace di unire i popoli.\" \/>\n<meta property=\"og:url\" content=\"https:\/\/alumni.polimi.it\/en\/2026\/02\/23\/oltre-i-confini-il-politecnico-nel-cuore-delleuropa\/\" \/>\n<meta property=\"og:site_name\" content=\"Alumni\" \/>\n<meta property=\"article:publisher\" content=\"https:\/\/www.facebook.com\/AlumniPolimi\/\" \/>\n<meta property=\"article:published_time\" content=\"2026-02-23T08:00:00+00:00\" \/>\n<meta property=\"article:modified_time\" content=\"2026-02-24T10:10:47+00:00\" \/>\n<meta property=\"og:image\" content=\"http:\/\/alumni.polimi.it\/wp-content\/uploads\/PianoStrategico.jpg\" \/>\n\t<meta property=\"og:image:width\" content=\"1800\" \/>\n\t<meta property=\"og:image:height\" content=\"2461\" \/>\n\t<meta property=\"og:image:type\" content=\"image\/jpeg\" \/>\n<meta name=\"author\" content=\"admin\" \/>\n<meta name=\"twitter:card\" content=\"summary_large_image\" \/>\n<meta name=\"twitter:label1\" content=\"Written by\" \/>\n\t<meta name=\"twitter:data1\" content=\"admin\" \/>\n\t<meta name=\"twitter:label2\" content=\"Est. reading time\" \/>\n\t<meta name=\"twitter:data2\" content=\"9 minutes\" \/>\n<script type=\"application\/ld+json\" class=\"yoast-schema-graph\">{\"@context\":\"https:\\\/\\\/schema.org\",\"@graph\":[{\"@type\":\"Article\",\"@id\":\"https:\\\/\\\/alumni.polimi.it\\\/2026\\\/02\\\/23\\\/oltre-i-confini-il-politecnico-nel-cuore-delleuropa\\\/#article\",\"isPartOf\":{\"@id\":\"https:\\\/\\\/alumni.polimi.it\\\/2026\\\/02\\\/23\\\/oltre-i-confini-il-politecnico-nel-cuore-delleuropa\\\/\"},\"author\":{\"name\":\"admin\",\"@id\":\"https:\\\/\\\/alumni.polimi.it\\\/#\\\/schema\\\/person\\\/ad861bbe4e9151a1e36776ad0690b95f\"},\"headline\":\"Oltre i confini: il Politecnico nel cuore dell\u2019Europa\",\"datePublished\":\"2026-02-23T08:00:00+00:00\",\"dateModified\":\"2026-02-24T10:10:47+00:00\",\"mainEntityOfPage\":{\"@id\":\"https:\\\/\\\/alumni.polimi.it\\\/2026\\\/02\\\/23\\\/oltre-i-confini-il-politecnico-nel-cuore-delleuropa\\\/\"},\"wordCount\":1564,\"publisher\":{\"@id\":\"https:\\\/\\\/alumni.polimi.it\\\/#organization\"},\"image\":{\"@id\":\"https:\\\/\\\/alumni.polimi.it\\\/2026\\\/02\\\/23\\\/oltre-i-confini-il-politecnico-nel-cuore-delleuropa\\\/#primaryimage\"},\"thumbnailUrl\":\"https:\\\/\\\/alumni.polimi.it\\\/wp-content\\\/uploads\\\/PianoStrategico.jpg\",\"articleSection\":[\"DAL RETTORATO\"],\"inLanguage\":\"en-US\"},{\"@type\":\"WebPage\",\"@id\":\"https:\\\/\\\/alumni.polimi.it\\\/2026\\\/02\\\/23\\\/oltre-i-confini-il-politecnico-nel-cuore-delleuropa\\\/\",\"url\":\"https:\\\/\\\/alumni.polimi.it\\\/2026\\\/02\\\/23\\\/oltre-i-confini-il-politecnico-nel-cuore-delleuropa\\\/\",\"name\":\"Oltre i confini: il Politecnico nel cuore dell\u2019Europa - Alumni\",\"isPartOf\":{\"@id\":\"https:\\\/\\\/alumni.polimi.it\\\/#website\"},\"primaryImageOfPage\":{\"@id\":\"https:\\\/\\\/alumni.polimi.it\\\/2026\\\/02\\\/23\\\/oltre-i-confini-il-politecnico-nel-cuore-delleuropa\\\/#primaryimage\"},\"image\":{\"@id\":\"https:\\\/\\\/alumni.polimi.it\\\/2026\\\/02\\\/23\\\/oltre-i-confini-il-politecnico-nel-cuore-delleuropa\\\/#primaryimage\"},\"thumbnailUrl\":\"https:\\\/\\\/alumni.polimi.it\\\/wp-content\\\/uploads\\\/PianoStrategico.jpg\",\"datePublished\":\"2026-02-23T08:00:00+00:00\",\"dateModified\":\"2026-02-24T10:10:47+00:00\",\"description\":\"Politecnico di Milano. Con l\u2019aggiornamento del Piano Strategico 2026-28, l\u2019Ateneo guarda all'Europa da protagonista. In questa intervista esclusiva alla rettrice Donatella Sciuto, esploriamo la visione di un\u2019universit\u00e0 che si fa \\\"ponte\\\" tra ricerca e politiche pubbliche, puntando su tecnologie cutting-edge e su una diplomazia scientifica capace di unire i popoli.\",\"breadcrumb\":{\"@id\":\"https:\\\/\\\/alumni.polimi.it\\\/2026\\\/02\\\/23\\\/oltre-i-confini-il-politecnico-nel-cuore-delleuropa\\\/#breadcrumb\"},\"inLanguage\":\"en-US\",\"potentialAction\":[{\"@type\":\"ReadAction\",\"target\":[\"https:\\\/\\\/alumni.polimi.it\\\/2026\\\/02\\\/23\\\/oltre-i-confini-il-politecnico-nel-cuore-delleuropa\\\/\"]}]},{\"@type\":\"ImageObject\",\"inLanguage\":\"en-US\",\"@id\":\"https:\\\/\\\/alumni.polimi.it\\\/2026\\\/02\\\/23\\\/oltre-i-confini-il-politecnico-nel-cuore-delleuropa\\\/#primaryimage\",\"url\":\"https:\\\/\\\/alumni.polimi.it\\\/wp-content\\\/uploads\\\/PianoStrategico.jpg\",\"contentUrl\":\"https:\\\/\\\/alumni.polimi.it\\\/wp-content\\\/uploads\\\/PianoStrategico.jpg\",\"width\":1800,\"height\":2461},{\"@type\":\"BreadcrumbList\",\"@id\":\"https:\\\/\\\/alumni.polimi.it\\\/2026\\\/02\\\/23\\\/oltre-i-confini-il-politecnico-nel-cuore-delleuropa\\\/#breadcrumb\",\"itemListElement\":[{\"@type\":\"ListItem\",\"position\":1,\"name\":\"Home\",\"item\":\"https:\\\/\\\/alumni.polimi.it\\\/\"},{\"@type\":\"ListItem\",\"position\":2,\"name\":\"Oltre i confini: il Politecnico nel cuore dell\u2019Europa\"}]},{\"@type\":\"WebSite\",\"@id\":\"https:\\\/\\\/alumni.polimi.it\\\/#website\",\"url\":\"https:\\\/\\\/alumni.polimi.it\\\/\",\"name\":\"Alumni\",\"description\":\"Politecnico di Milano\",\"publisher\":{\"@id\":\"https:\\\/\\\/alumni.polimi.it\\\/#organization\"},\"potentialAction\":[{\"@type\":\"SearchAction\",\"target\":{\"@type\":\"EntryPoint\",\"urlTemplate\":\"https:\\\/\\\/alumni.polimi.it\\\/?s={search_term_string}\"},\"query-input\":{\"@type\":\"PropertyValueSpecification\",\"valueRequired\":true,\"valueName\":\"search_term_string\"}}],\"inLanguage\":\"en-US\"},{\"@type\":\"Organization\",\"@id\":\"https:\\\/\\\/alumni.polimi.it\\\/#organization\",\"name\":\"Alumni Polimi Association\",\"url\":\"https:\\\/\\\/alumni.polimi.it\\\/\",\"logo\":{\"@type\":\"ImageObject\",\"inLanguage\":\"en-US\",\"@id\":\"https:\\\/\\\/alumni.polimi.it\\\/#\\\/schema\\\/logo\\\/image\\\/\",\"url\":\"https:\\\/\\\/alumni.polimi.it\\\/wp-content\\\/uploads\\\/Alumni.jpg\",\"contentUrl\":\"https:\\\/\\\/alumni.polimi.it\\\/wp-content\\\/uploads\\\/Alumni.jpg\",\"width\":1000,\"height\":267,\"caption\":\"Alumni Polimi Association\"},\"image\":{\"@id\":\"https:\\\/\\\/alumni.polimi.it\\\/#\\\/schema\\\/logo\\\/image\\\/\"},\"sameAs\":[\"https:\\\/\\\/www.facebook.com\\\/AlumniPolimi\\\/\",\"https:\\\/\\\/www.linkedin.com\\\/company\\\/alumni-politecnico-di-milano\\\/\"]},{\"@type\":\"Person\",\"@id\":\"https:\\\/\\\/alumni.polimi.it\\\/#\\\/schema\\\/person\\\/ad861bbe4e9151a1e36776ad0690b95f\",\"name\":\"admin\",\"image\":{\"@type\":\"ImageObject\",\"inLanguage\":\"en-US\",\"@id\":\"https:\\\/\\\/secure.gravatar.com\\\/avatar\\\/178b92607435216fe5ceb1d5478e4a76a899165c4fa31ae02b138ccfaf43ba0b?s=96&d=mm&r=g\",\"url\":\"https:\\\/\\\/secure.gravatar.com\\\/avatar\\\/178b92607435216fe5ceb1d5478e4a76a899165c4fa31ae02b138ccfaf43ba0b?s=96&d=mm&r=g\",\"contentUrl\":\"https:\\\/\\\/secure.gravatar.com\\\/avatar\\\/178b92607435216fe5ceb1d5478e4a76a899165c4fa31ae02b138ccfaf43ba0b?s=96&d=mm&r=g\",\"caption\":\"admin\"},\"url\":\"https:\\\/\\\/alumni.polimi.it\\\/en\\\/author\\\/admin\\\/\"}]}<\/script>\n<!-- \/ Yoast SEO plugin. -->","yoast_head_json":{"title":"Oltre i confini: il Politecnico nel cuore dell\u2019Europa - Alumni","description":"Politecnico di Milano. Con l\u2019aggiornamento del Piano Strategico 2026-28, l\u2019Ateneo guarda all'Europa da protagonista. In questa intervista esclusiva alla rettrice Donatella Sciuto, esploriamo la visione di un\u2019universit\u00e0 che si fa \"ponte\" tra ricerca e politiche pubbliche, puntando su tecnologie cutting-edge e su una diplomazia scientifica capace di unire i popoli.","robots":{"index":"index","follow":"follow","max-snippet":"max-snippet:-1","max-image-preview":"max-image-preview:large","max-video-preview":"max-video-preview:-1"},"canonical":"https:\/\/alumni.polimi.it\/en\/2026\/02\/23\/oltre-i-confini-il-politecnico-nel-cuore-delleuropa\/","og_locale":"en_US","og_type":"article","og_title":"Oltre i confini: il Politecnico nel cuore dell\u2019Europa - Alumni","og_description":"Politecnico di Milano. Con l\u2019aggiornamento del Piano Strategico 2026-28, l\u2019Ateneo guarda all'Europa da protagonista. In questa intervista esclusiva alla rettrice Donatella Sciuto, esploriamo la visione di un\u2019universit\u00e0 che si fa \"ponte\" tra ricerca e politiche pubbliche, puntando su tecnologie cutting-edge e su una diplomazia scientifica capace di unire i popoli.","og_url":"https:\/\/alumni.polimi.it\/en\/2026\/02\/23\/oltre-i-confini-il-politecnico-nel-cuore-delleuropa\/","og_site_name":"Alumni","article_publisher":"https:\/\/www.facebook.com\/AlumniPolimi\/","article_published_time":"2026-02-23T08:00:00+00:00","article_modified_time":"2026-02-24T10:10:47+00:00","og_image":[{"width":1800,"height":2461,"url":"http:\/\/alumni.polimi.it\/wp-content\/uploads\/PianoStrategico.jpg","type":"image\/jpeg"}],"author":"admin","twitter_card":"summary_large_image","twitter_misc":{"Written by":"admin","Est. reading time":"9 minutes"},"schema":{"@context":"https:\/\/schema.org","@graph":[{"@type":"Article","@id":"https:\/\/alumni.polimi.it\/2026\/02\/23\/oltre-i-confini-il-politecnico-nel-cuore-delleuropa\/#article","isPartOf":{"@id":"https:\/\/alumni.polimi.it\/2026\/02\/23\/oltre-i-confini-il-politecnico-nel-cuore-delleuropa\/"},"author":{"name":"admin","@id":"https:\/\/alumni.polimi.it\/#\/schema\/person\/ad861bbe4e9151a1e36776ad0690b95f"},"headline":"Oltre i confini: il Politecnico nel cuore dell\u2019Europa","datePublished":"2026-02-23T08:00:00+00:00","dateModified":"2026-02-24T10:10:47+00:00","mainEntityOfPage":{"@id":"https:\/\/alumni.polimi.it\/2026\/02\/23\/oltre-i-confini-il-politecnico-nel-cuore-delleuropa\/"},"wordCount":1564,"publisher":{"@id":"https:\/\/alumni.polimi.it\/#organization"},"image":{"@id":"https:\/\/alumni.polimi.it\/2026\/02\/23\/oltre-i-confini-il-politecnico-nel-cuore-delleuropa\/#primaryimage"},"thumbnailUrl":"https:\/\/alumni.polimi.it\/wp-content\/uploads\/PianoStrategico.jpg","articleSection":["DAL RETTORATO"],"inLanguage":"en-US"},{"@type":"WebPage","@id":"https:\/\/alumni.polimi.it\/2026\/02\/23\/oltre-i-confini-il-politecnico-nel-cuore-delleuropa\/","url":"https:\/\/alumni.polimi.it\/2026\/02\/23\/oltre-i-confini-il-politecnico-nel-cuore-delleuropa\/","name":"Oltre i confini: il Politecnico nel cuore dell\u2019Europa - Alumni","isPartOf":{"@id":"https:\/\/alumni.polimi.it\/#website"},"primaryImageOfPage":{"@id":"https:\/\/alumni.polimi.it\/2026\/02\/23\/oltre-i-confini-il-politecnico-nel-cuore-delleuropa\/#primaryimage"},"image":{"@id":"https:\/\/alumni.polimi.it\/2026\/02\/23\/oltre-i-confini-il-politecnico-nel-cuore-delleuropa\/#primaryimage"},"thumbnailUrl":"https:\/\/alumni.polimi.it\/wp-content\/uploads\/PianoStrategico.jpg","datePublished":"2026-02-23T08:00:00+00:00","dateModified":"2026-02-24T10:10:47+00:00","description":"Politecnico di Milano. Con l\u2019aggiornamento del Piano Strategico 2026-28, l\u2019Ateneo guarda all'Europa da protagonista. In questa intervista esclusiva alla rettrice Donatella Sciuto, esploriamo la visione di un\u2019universit\u00e0 che si fa \"ponte\" tra ricerca e politiche pubbliche, puntando su tecnologie cutting-edge e su una diplomazia scientifica capace di unire i popoli.","breadcrumb":{"@id":"https:\/\/alumni.polimi.it\/2026\/02\/23\/oltre-i-confini-il-politecnico-nel-cuore-delleuropa\/#breadcrumb"},"inLanguage":"en-US","potentialAction":[{"@type":"ReadAction","target":["https:\/\/alumni.polimi.it\/2026\/02\/23\/oltre-i-confini-il-politecnico-nel-cuore-delleuropa\/"]}]},{"@type":"ImageObject","inLanguage":"en-US","@id":"https:\/\/alumni.polimi.it\/2026\/02\/23\/oltre-i-confini-il-politecnico-nel-cuore-delleuropa\/#primaryimage","url":"https:\/\/alumni.polimi.it\/wp-content\/uploads\/PianoStrategico.jpg","contentUrl":"https:\/\/alumni.polimi.it\/wp-content\/uploads\/PianoStrategico.jpg","width":1800,"height":2461},{"@type":"BreadcrumbList","@id":"https:\/\/alumni.polimi.it\/2026\/02\/23\/oltre-i-confini-il-politecnico-nel-cuore-delleuropa\/#breadcrumb","itemListElement":[{"@type":"ListItem","position":1,"name":"Home","item":"https:\/\/alumni.polimi.it\/"},{"@type":"ListItem","position":2,"name":"Oltre i confini: il Politecnico nel cuore dell\u2019Europa"}]},{"@type":"WebSite","@id":"https:\/\/alumni.polimi.it\/#website","url":"https:\/\/alumni.polimi.it\/","name":"Alumni","description":"Politecnico di Milano","publisher":{"@id":"https:\/\/alumni.polimi.it\/#organization"},"potentialAction":[{"@type":"SearchAction","target":{"@type":"EntryPoint","urlTemplate":"https:\/\/alumni.polimi.it\/?s={search_term_string}"},"query-input":{"@type":"PropertyValueSpecification","valueRequired":true,"valueName":"search_term_string"}}],"inLanguage":"en-US"},{"@type":"Organization","@id":"https:\/\/alumni.polimi.it\/#organization","name":"Alumni Polimi Association","url":"https:\/\/alumni.polimi.it\/","logo":{"@type":"ImageObject","inLanguage":"en-US","@id":"https:\/\/alumni.polimi.it\/#\/schema\/logo\/image\/","url":"https:\/\/alumni.polimi.it\/wp-content\/uploads\/Alumni.jpg","contentUrl":"https:\/\/alumni.polimi.it\/wp-content\/uploads\/Alumni.jpg","width":1000,"height":267,"caption":"Alumni Polimi Association"},"image":{"@id":"https:\/\/alumni.polimi.it\/#\/schema\/logo\/image\/"},"sameAs":["https:\/\/www.facebook.com\/AlumniPolimi\/","https:\/\/www.linkedin.com\/company\/alumni-politecnico-di-milano\/"]},{"@type":"Person","@id":"https:\/\/alumni.polimi.it\/#\/schema\/person\/ad861bbe4e9151a1e36776ad0690b95f","name":"admin","image":{"@type":"ImageObject","inLanguage":"en-US","@id":"https:\/\/secure.gravatar.com\/avatar\/178b92607435216fe5ceb1d5478e4a76a899165c4fa31ae02b138ccfaf43ba0b?s=96&d=mm&r=g","url":"https:\/\/secure.gravatar.com\/avatar\/178b92607435216fe5ceb1d5478e4a76a899165c4fa31ae02b138ccfaf43ba0b?s=96&d=mm&r=g","contentUrl":"https:\/\/secure.gravatar.com\/avatar\/178b92607435216fe5ceb1d5478e4a76a899165c4fa31ae02b138ccfaf43ba0b?s=96&d=mm&r=g","caption":"admin"},"url":"https:\/\/alumni.polimi.it\/en\/author\/admin\/"}]}},"_links":{"self":[{"href":"https:\/\/alumni.polimi.it\/en\/wp-json\/wp\/v2\/posts\/48032","targetHints":{"allow":["GET"]}}],"collection":[{"href":"https:\/\/alumni.polimi.it\/en\/wp-json\/wp\/v2\/posts"}],"about":[{"href":"https:\/\/alumni.polimi.it\/en\/wp-json\/wp\/v2\/types\/post"}],"author":[{"embeddable":true,"href":"https:\/\/alumni.polimi.it\/en\/wp-json\/wp\/v2\/users\/29"}],"replies":[{"embeddable":true,"href":"https:\/\/alumni.polimi.it\/en\/wp-json\/wp\/v2\/comments?post=48032"}],"version-history":[{"count":5,"href":"https:\/\/alumni.polimi.it\/en\/wp-json\/wp\/v2\/posts\/48032\/revisions"}],"predecessor-version":[{"id":48054,"href":"https:\/\/alumni.polimi.it\/en\/wp-json\/wp\/v2\/posts\/48032\/revisions\/48054"}],"wp:featuredmedia":[{"embeddable":true,"href":"https:\/\/alumni.polimi.it\/en\/wp-json\/wp\/v2\/media\/48043"}],"wp:attachment":[{"href":"https:\/\/alumni.polimi.it\/en\/wp-json\/wp\/v2\/media?parent=48032"}],"wp:term":[{"taxonomy":"category","embeddable":true,"href":"https:\/\/alumni.polimi.it\/en\/wp-json\/wp\/v2\/categories?post=48032"},{"taxonomy":"post_tag","embeddable":true,"href":"https:\/\/alumni.polimi.it\/en\/wp-json\/wp\/v2\/tags?post=48032"}],"curies":[{"name":"wp","href":"https:\/\/api.w.org\/{rel}","templated":true}]}}