{"id":42650,"date":"2025-06-24T08:00:00","date_gmt":"2025-06-24T06:00:00","guid":{"rendered":"https:\/\/alumni.polimi.it\/?p=42650"},"modified":"2025-04-09T08:29:03","modified_gmt":"2025-04-09T06:29:03","slug":"ortesi-per-permettere-ai-bambini-emiplegici-di-praticare-sport","status":"publish","type":"post","link":"https:\/\/alumni.polimi.it\/en\/2025\/06\/24\/ortesi-per-permettere-ai-bambini-emiplegici-di-praticare-sport\/","title":{"rendered":"Orthoses to enable hemiplegic children to play sports"},"content":{"rendered":"<p>I ricercatori del Politecnico di Milano, con il progetto&nbsp;<strong>GIFT \u2013 EnGIneering For sporT for all, tra il 2020 e il 2022 hanno<\/strong> coinvolto&nbsp;19&nbsp;bambini emiplegici&nbsp;tra i 6 e i 10 anni per avvicinarli a diverse attivit\u00e0 sportive, grazie all\u2019aiuto di ortesi (dispositivi medici utilizzati in&nbsp;ortopedia&nbsp;o&nbsp;traumatologia&nbsp;nel trattamento di alcune patologie) innovative sviluppate ad hoc per correggere il deficit funzionale dei bambini, cercando di coprire la maggior parte delle disabilit\u00e0 motorie e cognitive;&nbsp;accanto allo studio delle ortesi, una parte del progetto \u00e8 stato dedicato alla ricerca sociale, con famiglie, insegnanti e associazioni sportive, affinch\u00e9 davvero questi bambini potessero fare attivit\u00e0 sportiva, riducendo la distanza che oggi esiste tra chi chiamiamo normodotato e disabile, con lo scopo di introdurre nuove pratiche e modelli di comportamento.<\/p>\n\n\n\n<p>Il progetto \u00e8 stato un successo: ora, per generare un impatto concreto, bisogna andare oltre ai 19 bambini del progetto \u201cpilota\u201d. &nbsp;<\/p>\n\n\n\n<p>\u201cGIFT \u2013&nbsp;<a href=\"https:\/\/www.laprovinciadilecco.it\/stories\/Cronaca\/lecco-una-vittoria-sulla-disabilita-dei-bimbi_1406847_11\/\" target=\"_blank\" rel=\"noreferrer noopener\">ha dichiarato la professoressa&nbsp;<strong>Manuela Galli<\/strong><\/a>&nbsp;del Dipartimento di Elettronica, informazione e bioingegneria del Politecnico e responsabile scientifico del progetto \u2013 vuole essere un&nbsp;<strong>regalo per tutti i bambini con limitazioni funzionali<\/strong>.<\/p>\n\n\n\n<p class=\"translation-block\">The research project was developed by the <strong> Interdepartmental Laboratory E4Sport <\/strong> of Politecnico di Milano and saw the involvement of partners such as the Association La Nostra Famiglia - IRCCS \"Eugenio Medea\", the Catholic University of Milan, ITOP, BTS, Math &amp; Sport, Edumoto, Yuki Onlus and various sports associations.<\/p>\n\n\n\n<p>\u201cComprendere come lo&nbsp;<strong>sport e l\u2019attivit\u00e0 sportiva generino valore per la societ\u00e0&nbsp;<\/strong>e per il sistema economico-produttivo \u00e8 oggi una priorit\u00e0&nbsp;per promuovere un cambio di prospettiva: non sono soltanto \u2018divertimento\u2019, ma un investimento importante \u2013 e da tutelare \u2013 per il benessere della societ\u00e0 e la sua competitivit\u00e0\u201d&nbsp;<a href=\"https:\/\/www.som.polimi.it\/engineering-for-sport-for-all\/\" target=\"_blank\" rel=\"noreferrer noopener\">explains&nbsp;<strong>Emanuele Lettieri<\/strong><\/a>, professore ordinario di Accounting, Finance &amp; Control e project manager del progetto GIFT.<\/p>\n\n\n\n<div style=\"height:50px\" aria-hidden=\"true\" class=\"wp-block-spacer\"><\/div>\n\n\n\n<figure class=\"wp-block-gallery has-nested-images columns-2 is-cropped wp-block-gallery-1 is-layout-flex wp-block-gallery-is-layout-flex\">\n<figure class=\"wp-block-image size-large\"><img loading=\"lazy\" decoding=\"async\" width=\"1024\" height=\"435\" data-id=\"42797\" src=\"https:\/\/alumni.polimi.it\/wp-content\/uploads\/credits-som-1.jpg\" alt=\"\" class=\"wp-image-42797\" srcset=\"https:\/\/alumni.polimi.it\/wp-content\/uploads\/credits-som-1.jpg 1024w, https:\/\/alumni.polimi.it\/wp-content\/uploads\/credits-som-1-300x127.jpg 300w, https:\/\/alumni.polimi.it\/wp-content\/uploads\/credits-som-1-768x326.jpg 768w, https:\/\/alumni.polimi.it\/wp-content\/uploads\/credits-som-1-18x8.jpg 18w\" sizes=\"auto, (max-width: 1024px) 100vw, 1024px\" \/><\/figure>\n\n\n\n<figure class=\"wp-block-image size-large\"><img loading=\"lazy\" decoding=\"async\" width=\"1024\" height=\"357\" data-id=\"42798\" src=\"https:\/\/alumni.polimi.it\/wp-content\/uploads\/gift-header-scaled-1-1-1024x357.jpg\" alt=\"\" class=\"wp-image-42798\" srcset=\"https:\/\/alumni.polimi.it\/wp-content\/uploads\/gift-header-scaled-1-1-1024x357.jpg 1024w, https:\/\/alumni.polimi.it\/wp-content\/uploads\/gift-header-scaled-1-1-300x105.jpg 300w, https:\/\/alumni.polimi.it\/wp-content\/uploads\/gift-header-scaled-1-1-768x268.jpg 768w, https:\/\/alumni.polimi.it\/wp-content\/uploads\/gift-header-scaled-1-1-1536x536.jpg 1536w, https:\/\/alumni.polimi.it\/wp-content\/uploads\/gift-header-scaled-1-1-2048x714.jpg 2048w, https:\/\/alumni.polimi.it\/wp-content\/uploads\/gift-header-scaled-1-1-18x6.jpg 18w\" sizes=\"auto, (max-width: 1024px) 100vw, 1024px\" \/><\/figure>\n\n\n\n<figure class=\"wp-block-image size-large\"><img loading=\"lazy\" decoding=\"async\" width=\"978\" height=\"1024\" data-id=\"42796\" src=\"https:\/\/alumni.polimi.it\/wp-content\/uploads\/gift-1-978x1024.jpg\" alt=\"\" class=\"wp-image-42796\" srcset=\"https:\/\/alumni.polimi.it\/wp-content\/uploads\/gift-1-978x1024.jpg 978w, https:\/\/alumni.polimi.it\/wp-content\/uploads\/gift-1-286x300.jpg 286w, https:\/\/alumni.polimi.it\/wp-content\/uploads\/gift-1-768x804.jpg 768w, https:\/\/alumni.polimi.it\/wp-content\/uploads\/gift-1-1467x1536.jpg 1467w, https:\/\/alumni.polimi.it\/wp-content\/uploads\/gift-1-11x12.jpg 11w, https:\/\/alumni.polimi.it\/wp-content\/uploads\/gift-1.jpg 1800w\" sizes=\"auto, (max-width: 978px) 100vw, 978px\" \/><\/figure>\n<\/figure>\n\n\n\n<div style=\"height:50px\" aria-hidden=\"true\" class=\"wp-block-spacer\"><\/div>\n\n\n\n<p class=\"has-medium-font-size\"><strong>YOU TOO CAN SUPPORT RESEARCH: DONATE YOUR 5\u00d71000 TO THE POLITECNICO DI MILANO<\/strong><\/p>\n\n\n\n<p>Dona il tuo 5 per mille al Politecnico di Milano apponendo la tua firma nel riquadro \u201cFinanziamento della ricerca scientifica e dell\u2019Universit\u00e0\u201d che figura sui modelli di dichiarazione dei redditi, specificando il codice fiscale <strong>800 579 301 50<\/strong> del Politecnico di Milano.<\/p>\n\n\n\n<div style=\"height:20px\" aria-hidden=\"true\" class=\"wp-block-spacer\"><\/div>\n\n\n\n<div class=\"wp-block-buttons is-content-justification-center is-layout-flex wp-container-core-buttons-is-layout-16018d1d wp-block-buttons-is-layout-flex\">\n<div class=\"wp-block-button is-style-fill\"><a class=\"wp-block-button__link has-background wp-element-button\" style=\"background-color:#2600ff\">Sostieni la ricerca ad alto impatto sociale<\/a><\/div>\n<\/div>\n\n\n\n<div style=\"height:100px\" aria-hidden=\"true\" class=\"wp-block-spacer\"><\/div>","protected":false},"excerpt":{"rendered":"<p>I ricercatori del Politecnico di Milano, con il progetto&nbsp;GIFT \u2013 EnGIneering For sporT for all, tra il 2020 e il 2022 hanno coinvolto&nbsp;19&nbsp;bambini emiplegici&nbsp;tra i 6 e i 10 anni [&hellip;]<\/p>\n","protected":false},"author":29,"featured_media":42796,"comment_status":"closed","ping_status":"open","sticky":false,"template":"","format":"standard","meta":{"_acf_changed":false,"footnotes":""},"categories":[5],"tags":[650],"class_list":["post-42650","post","type-post","status-publish","format-standard","has-post-thumbnail","hentry","category-cat_rettorato","tag-5permille"],"acf":[],"yoast_head":"<!-- This site is optimized with the Yoast SEO plugin v27.4 - https:\/\/yoast.com\/product\/yoast-seo-wordpress\/ -->\n<title>Ortesi per permettere ai bambini emiplegici di praticare sport - Alumni<\/title>\n<meta name=\"robots\" content=\"index, follow, max-snippet:-1, max-image-preview:large, max-video-preview:-1\" \/>\n<link rel=\"canonical\" href=\"https:\/\/alumni.polimi.it\/en\/2025\/06\/24\/ortesi-per-permettere-ai-bambini-emiplegici-di-praticare-sport\/\" \/>\n<meta property=\"og:locale\" content=\"en_US\" \/>\n<meta property=\"og:type\" content=\"article\" \/>\n<meta property=\"og:title\" content=\"Ortesi per permettere ai bambini emiplegici di praticare sport - Alumni\" \/>\n<meta property=\"og:description\" content=\"I ricercatori del Politecnico di Milano, con il progetto&nbsp;GIFT \u2013 EnGIneering For sporT for all, tra il 2020 e il 2022 hanno coinvolto&nbsp;19&nbsp;bambini emiplegici&nbsp;tra i 6 e i 10 anni [&hellip;]\" \/>\n<meta property=\"og:url\" content=\"https:\/\/alumni.polimi.it\/en\/2025\/06\/24\/ortesi-per-permettere-ai-bambini-emiplegici-di-praticare-sport\/\" \/>\n<meta property=\"og:site_name\" content=\"Alumni\" \/>\n<meta property=\"article:publisher\" content=\"https:\/\/www.facebook.com\/AlumniPolimi\/\" \/>\n<meta property=\"article:published_time\" content=\"2025-06-24T06:00:00+00:00\" \/>\n<meta property=\"og:image\" content=\"https:\/\/alumni.polimi.it\/wp-content\/uploads\/gift-1.jpg\" \/>\n\t<meta property=\"og:image:width\" content=\"1800\" \/>\n\t<meta property=\"og:image:height\" content=\"1885\" \/>\n\t<meta property=\"og:image:type\" content=\"image\/jpeg\" \/>\n<meta name=\"author\" content=\"admin\" \/>\n<meta name=\"twitter:card\" content=\"summary_large_image\" \/>\n<meta name=\"twitter:label1\" content=\"Written by\" \/>\n\t<meta name=\"twitter:data1\" content=\"admin\" \/>\n\t<meta name=\"twitter:label2\" content=\"Est. reading time\" \/>\n\t<meta name=\"twitter:data2\" content=\"3 minutes\" \/>\n<script type=\"application\/ld+json\" class=\"yoast-schema-graph\">{\"@context\":\"https:\\\/\\\/schema.org\",\"@graph\":[{\"@type\":\"Article\",\"@id\":\"https:\\\/\\\/alumni.polimi.it\\\/2025\\\/06\\\/24\\\/ortesi-per-permettere-ai-bambini-emiplegici-di-praticare-sport\\\/#article\",\"isPartOf\":{\"@id\":\"https:\\\/\\\/alumni.polimi.it\\\/2025\\\/06\\\/24\\\/ortesi-per-permettere-ai-bambini-emiplegici-di-praticare-sport\\\/\"},\"author\":{\"name\":\"admin\",\"@id\":\"https:\\\/\\\/alumni.polimi.it\\\/#\\\/schema\\\/person\\\/ad861bbe4e9151a1e36776ad0690b95f\"},\"headline\":\"Ortesi per permettere ai bambini emiplegici di praticare sport\",\"datePublished\":\"2025-06-24T06:00:00+00:00\",\"mainEntityOfPage\":{\"@id\":\"https:\\\/\\\/alumni.polimi.it\\\/2025\\\/06\\\/24\\\/ortesi-per-permettere-ai-bambini-emiplegici-di-praticare-sport\\\/\"},\"wordCount\":376,\"publisher\":{\"@id\":\"https:\\\/\\\/alumni.polimi.it\\\/#organization\"},\"image\":{\"@id\":\"https:\\\/\\\/alumni.polimi.it\\\/2025\\\/06\\\/24\\\/ortesi-per-permettere-ai-bambini-emiplegici-di-praticare-sport\\\/#primaryimage\"},\"thumbnailUrl\":\"https:\\\/\\\/alumni.polimi.it\\\/wp-content\\\/uploads\\\/gift-1.jpg\",\"keywords\":[\"5PERMILLE\"],\"articleSection\":[\"DAL RETTORATO\"],\"inLanguage\":\"en-US\"},{\"@type\":\"WebPage\",\"@id\":\"https:\\\/\\\/alumni.polimi.it\\\/2025\\\/06\\\/24\\\/ortesi-per-permettere-ai-bambini-emiplegici-di-praticare-sport\\\/\",\"url\":\"https:\\\/\\\/alumni.polimi.it\\\/2025\\\/06\\\/24\\\/ortesi-per-permettere-ai-bambini-emiplegici-di-praticare-sport\\\/\",\"name\":\"Ortesi per permettere ai bambini emiplegici di praticare sport - Alumni\",\"isPartOf\":{\"@id\":\"https:\\\/\\\/alumni.polimi.it\\\/#website\"},\"primaryImageOfPage\":{\"@id\":\"https:\\\/\\\/alumni.polimi.it\\\/2025\\\/06\\\/24\\\/ortesi-per-permettere-ai-bambini-emiplegici-di-praticare-sport\\\/#primaryimage\"},\"image\":{\"@id\":\"https:\\\/\\\/alumni.polimi.it\\\/2025\\\/06\\\/24\\\/ortesi-per-permettere-ai-bambini-emiplegici-di-praticare-sport\\\/#primaryimage\"},\"thumbnailUrl\":\"https:\\\/\\\/alumni.polimi.it\\\/wp-content\\\/uploads\\\/gift-1.jpg\",\"datePublished\":\"2025-06-24T06:00:00+00:00\",\"breadcrumb\":{\"@id\":\"https:\\\/\\\/alumni.polimi.it\\\/2025\\\/06\\\/24\\\/ortesi-per-permettere-ai-bambini-emiplegici-di-praticare-sport\\\/#breadcrumb\"},\"inLanguage\":\"en-US\",\"potentialAction\":[{\"@type\":\"ReadAction\",\"target\":[\"https:\\\/\\\/alumni.polimi.it\\\/2025\\\/06\\\/24\\\/ortesi-per-permettere-ai-bambini-emiplegici-di-praticare-sport\\\/\"]}]},{\"@type\":\"ImageObject\",\"inLanguage\":\"en-US\",\"@id\":\"https:\\\/\\\/alumni.polimi.it\\\/2025\\\/06\\\/24\\\/ortesi-per-permettere-ai-bambini-emiplegici-di-praticare-sport\\\/#primaryimage\",\"url\":\"https:\\\/\\\/alumni.polimi.it\\\/wp-content\\\/uploads\\\/gift-1.jpg\",\"contentUrl\":\"https:\\\/\\\/alumni.polimi.it\\\/wp-content\\\/uploads\\\/gift-1.jpg\",\"width\":1800,\"height\":1885},{\"@type\":\"BreadcrumbList\",\"@id\":\"https:\\\/\\\/alumni.polimi.it\\\/2025\\\/06\\\/24\\\/ortesi-per-permettere-ai-bambini-emiplegici-di-praticare-sport\\\/#breadcrumb\",\"itemListElement\":[{\"@type\":\"ListItem\",\"position\":1,\"name\":\"Home\",\"item\":\"https:\\\/\\\/alumni.polimi.it\\\/\"},{\"@type\":\"ListItem\",\"position\":2,\"name\":\"Ortesi per permettere ai bambini emiplegici di praticare sport\"}]},{\"@type\":\"WebSite\",\"@id\":\"https:\\\/\\\/alumni.polimi.it\\\/#website\",\"url\":\"https:\\\/\\\/alumni.polimi.it\\\/\",\"name\":\"Alumni\",\"description\":\"Politecnico di Milano\",\"publisher\":{\"@id\":\"https:\\\/\\\/alumni.polimi.it\\\/#organization\"},\"potentialAction\":[{\"@type\":\"SearchAction\",\"target\":{\"@type\":\"EntryPoint\",\"urlTemplate\":\"https:\\\/\\\/alumni.polimi.it\\\/?s={search_term_string}\"},\"query-input\":{\"@type\":\"PropertyValueSpecification\",\"valueRequired\":true,\"valueName\":\"search_term_string\"}}],\"inLanguage\":\"en-US\"},{\"@type\":\"Organization\",\"@id\":\"https:\\\/\\\/alumni.polimi.it\\\/#organization\",\"name\":\"Alumni Polimi Association\",\"url\":\"https:\\\/\\\/alumni.polimi.it\\\/\",\"logo\":{\"@type\":\"ImageObject\",\"inLanguage\":\"en-US\",\"@id\":\"https:\\\/\\\/alumni.polimi.it\\\/#\\\/schema\\\/logo\\\/image\\\/\",\"url\":\"https:\\\/\\\/alumni.polimi.it\\\/wp-content\\\/uploads\\\/Alumni.jpg\",\"contentUrl\":\"https:\\\/\\\/alumni.polimi.it\\\/wp-content\\\/uploads\\\/Alumni.jpg\",\"width\":1000,\"height\":267,\"caption\":\"Alumni Polimi Association\"},\"image\":{\"@id\":\"https:\\\/\\\/alumni.polimi.it\\\/#\\\/schema\\\/logo\\\/image\\\/\"},\"sameAs\":[\"https:\\\/\\\/www.facebook.com\\\/AlumniPolimi\\\/\",\"https:\\\/\\\/www.linkedin.com\\\/company\\\/alumni-politecnico-di-milano\\\/\"]},{\"@type\":\"Person\",\"@id\":\"https:\\\/\\\/alumni.polimi.it\\\/#\\\/schema\\\/person\\\/ad861bbe4e9151a1e36776ad0690b95f\",\"name\":\"admin\",\"image\":{\"@type\":\"ImageObject\",\"inLanguage\":\"en-US\",\"@id\":\"https:\\\/\\\/secure.gravatar.com\\\/avatar\\\/178b92607435216fe5ceb1d5478e4a76a899165c4fa31ae02b138ccfaf43ba0b?s=96&d=mm&r=g\",\"url\":\"https:\\\/\\\/secure.gravatar.com\\\/avatar\\\/178b92607435216fe5ceb1d5478e4a76a899165c4fa31ae02b138ccfaf43ba0b?s=96&d=mm&r=g\",\"contentUrl\":\"https:\\\/\\\/secure.gravatar.com\\\/avatar\\\/178b92607435216fe5ceb1d5478e4a76a899165c4fa31ae02b138ccfaf43ba0b?s=96&d=mm&r=g\",\"caption\":\"admin\"},\"url\":\"https:\\\/\\\/alumni.polimi.it\\\/en\\\/author\\\/admin\\\/\"}]}<\/script>\n<!-- \/ Yoast SEO plugin. -->","yoast_head_json":{"title":"Ortesi per permettere ai bambini emiplegici di praticare sport - Alumni","robots":{"index":"index","follow":"follow","max-snippet":"max-snippet:-1","max-image-preview":"max-image-preview:large","max-video-preview":"max-video-preview:-1"},"canonical":"https:\/\/alumni.polimi.it\/en\/2025\/06\/24\/ortesi-per-permettere-ai-bambini-emiplegici-di-praticare-sport\/","og_locale":"en_US","og_type":"article","og_title":"Ortesi per permettere ai bambini emiplegici di praticare sport - Alumni","og_description":"I ricercatori del Politecnico di Milano, con il progetto&nbsp;GIFT \u2013 EnGIneering For sporT for all, tra il 2020 e il 2022 hanno coinvolto&nbsp;19&nbsp;bambini emiplegici&nbsp;tra i 6 e i 10 anni [&hellip;]","og_url":"https:\/\/alumni.polimi.it\/en\/2025\/06\/24\/ortesi-per-permettere-ai-bambini-emiplegici-di-praticare-sport\/","og_site_name":"Alumni","article_publisher":"https:\/\/www.facebook.com\/AlumniPolimi\/","article_published_time":"2025-06-24T06:00:00+00:00","og_image":[{"width":1800,"height":1885,"url":"https:\/\/alumni.polimi.it\/wp-content\/uploads\/gift-1.jpg","type":"image\/jpeg"}],"author":"admin","twitter_card":"summary_large_image","twitter_misc":{"Written by":"admin","Est. reading time":"3 minutes"},"schema":{"@context":"https:\/\/schema.org","@graph":[{"@type":"Article","@id":"https:\/\/alumni.polimi.it\/2025\/06\/24\/ortesi-per-permettere-ai-bambini-emiplegici-di-praticare-sport\/#article","isPartOf":{"@id":"https:\/\/alumni.polimi.it\/2025\/06\/24\/ortesi-per-permettere-ai-bambini-emiplegici-di-praticare-sport\/"},"author":{"name":"admin","@id":"https:\/\/alumni.polimi.it\/#\/schema\/person\/ad861bbe4e9151a1e36776ad0690b95f"},"headline":"Ortesi per permettere ai bambini emiplegici di praticare sport","datePublished":"2025-06-24T06:00:00+00:00","mainEntityOfPage":{"@id":"https:\/\/alumni.polimi.it\/2025\/06\/24\/ortesi-per-permettere-ai-bambini-emiplegici-di-praticare-sport\/"},"wordCount":376,"publisher":{"@id":"https:\/\/alumni.polimi.it\/#organization"},"image":{"@id":"https:\/\/alumni.polimi.it\/2025\/06\/24\/ortesi-per-permettere-ai-bambini-emiplegici-di-praticare-sport\/#primaryimage"},"thumbnailUrl":"https:\/\/alumni.polimi.it\/wp-content\/uploads\/gift-1.jpg","keywords":["5PERMILLE"],"articleSection":["DAL RETTORATO"],"inLanguage":"en-US"},{"@type":"WebPage","@id":"https:\/\/alumni.polimi.it\/2025\/06\/24\/ortesi-per-permettere-ai-bambini-emiplegici-di-praticare-sport\/","url":"https:\/\/alumni.polimi.it\/2025\/06\/24\/ortesi-per-permettere-ai-bambini-emiplegici-di-praticare-sport\/","name":"Ortesi per permettere ai bambini emiplegici di praticare sport - Alumni","isPartOf":{"@id":"https:\/\/alumni.polimi.it\/#website"},"primaryImageOfPage":{"@id":"https:\/\/alumni.polimi.it\/2025\/06\/24\/ortesi-per-permettere-ai-bambini-emiplegici-di-praticare-sport\/#primaryimage"},"image":{"@id":"https:\/\/alumni.polimi.it\/2025\/06\/24\/ortesi-per-permettere-ai-bambini-emiplegici-di-praticare-sport\/#primaryimage"},"thumbnailUrl":"https:\/\/alumni.polimi.it\/wp-content\/uploads\/gift-1.jpg","datePublished":"2025-06-24T06:00:00+00:00","breadcrumb":{"@id":"https:\/\/alumni.polimi.it\/2025\/06\/24\/ortesi-per-permettere-ai-bambini-emiplegici-di-praticare-sport\/#breadcrumb"},"inLanguage":"en-US","potentialAction":[{"@type":"ReadAction","target":["https:\/\/alumni.polimi.it\/2025\/06\/24\/ortesi-per-permettere-ai-bambini-emiplegici-di-praticare-sport\/"]}]},{"@type":"ImageObject","inLanguage":"en-US","@id":"https:\/\/alumni.polimi.it\/2025\/06\/24\/ortesi-per-permettere-ai-bambini-emiplegici-di-praticare-sport\/#primaryimage","url":"https:\/\/alumni.polimi.it\/wp-content\/uploads\/gift-1.jpg","contentUrl":"https:\/\/alumni.polimi.it\/wp-content\/uploads\/gift-1.jpg","width":1800,"height":1885},{"@type":"BreadcrumbList","@id":"https:\/\/alumni.polimi.it\/2025\/06\/24\/ortesi-per-permettere-ai-bambini-emiplegici-di-praticare-sport\/#breadcrumb","itemListElement":[{"@type":"ListItem","position":1,"name":"Home","item":"https:\/\/alumni.polimi.it\/"},{"@type":"ListItem","position":2,"name":"Ortesi per permettere ai bambini emiplegici di praticare sport"}]},{"@type":"WebSite","@id":"https:\/\/alumni.polimi.it\/#website","url":"https:\/\/alumni.polimi.it\/","name":"Alumni","description":"Politecnico di Milano","publisher":{"@id":"https:\/\/alumni.polimi.it\/#organization"},"potentialAction":[{"@type":"SearchAction","target":{"@type":"EntryPoint","urlTemplate":"https:\/\/alumni.polimi.it\/?s={search_term_string}"},"query-input":{"@type":"PropertyValueSpecification","valueRequired":true,"valueName":"search_term_string"}}],"inLanguage":"en-US"},{"@type":"Organization","@id":"https:\/\/alumni.polimi.it\/#organization","name":"Alumni Polimi Association","url":"https:\/\/alumni.polimi.it\/","logo":{"@type":"ImageObject","inLanguage":"en-US","@id":"https:\/\/alumni.polimi.it\/#\/schema\/logo\/image\/","url":"https:\/\/alumni.polimi.it\/wp-content\/uploads\/Alumni.jpg","contentUrl":"https:\/\/alumni.polimi.it\/wp-content\/uploads\/Alumni.jpg","width":1000,"height":267,"caption":"Alumni Polimi Association"},"image":{"@id":"https:\/\/alumni.polimi.it\/#\/schema\/logo\/image\/"},"sameAs":["https:\/\/www.facebook.com\/AlumniPolimi\/","https:\/\/www.linkedin.com\/company\/alumni-politecnico-di-milano\/"]},{"@type":"Person","@id":"https:\/\/alumni.polimi.it\/#\/schema\/person\/ad861bbe4e9151a1e36776ad0690b95f","name":"admin","image":{"@type":"ImageObject","inLanguage":"en-US","@id":"https:\/\/secure.gravatar.com\/avatar\/178b92607435216fe5ceb1d5478e4a76a899165c4fa31ae02b138ccfaf43ba0b?s=96&d=mm&r=g","url":"https:\/\/secure.gravatar.com\/avatar\/178b92607435216fe5ceb1d5478e4a76a899165c4fa31ae02b138ccfaf43ba0b?s=96&d=mm&r=g","contentUrl":"https:\/\/secure.gravatar.com\/avatar\/178b92607435216fe5ceb1d5478e4a76a899165c4fa31ae02b138ccfaf43ba0b?s=96&d=mm&r=g","caption":"admin"},"url":"https:\/\/alumni.polimi.it\/en\/author\/admin\/"}]}},"_links":{"self":[{"href":"https:\/\/alumni.polimi.it\/en\/wp-json\/wp\/v2\/posts\/42650","targetHints":{"allow":["GET"]}}],"collection":[{"href":"https:\/\/alumni.polimi.it\/en\/wp-json\/wp\/v2\/posts"}],"about":[{"href":"https:\/\/alumni.polimi.it\/en\/wp-json\/wp\/v2\/types\/post"}],"author":[{"embeddable":true,"href":"https:\/\/alumni.polimi.it\/en\/wp-json\/wp\/v2\/users\/29"}],"replies":[{"embeddable":true,"href":"https:\/\/alumni.polimi.it\/en\/wp-json\/wp\/v2\/comments?post=42650"}],"version-history":[{"count":5,"href":"https:\/\/alumni.polimi.it\/en\/wp-json\/wp\/v2\/posts\/42650\/revisions"}],"predecessor-version":[{"id":42800,"href":"https:\/\/alumni.polimi.it\/en\/wp-json\/wp\/v2\/posts\/42650\/revisions\/42800"}],"wp:featuredmedia":[{"embeddable":true,"href":"https:\/\/alumni.polimi.it\/en\/wp-json\/wp\/v2\/media\/42796"}],"wp:attachment":[{"href":"https:\/\/alumni.polimi.it\/en\/wp-json\/wp\/v2\/media?parent=42650"}],"wp:term":[{"taxonomy":"category","embeddable":true,"href":"https:\/\/alumni.polimi.it\/en\/wp-json\/wp\/v2\/categories?post=42650"},{"taxonomy":"post_tag","embeddable":true,"href":"https:\/\/alumni.polimi.it\/en\/wp-json\/wp\/v2\/tags?post=42650"}],"curies":[{"name":"wp","href":"https:\/\/api.w.org\/{rel}","templated":true}]}}