{"id":31327,"date":"2022-09-12T08:25:00","date_gmt":"2022-09-12T06:25:00","guid":{"rendered":"https:\/\/alumni.polimi.it\/?p=31327"},"modified":"2022-11-17T17:14:16","modified_gmt":"2022-11-17T16:14:16","slug":"nasce-musa-lecosistema-della-tecnologia-e-dellinnovazione-sostenibile","status":"publish","type":"post","link":"https:\/\/alumni.polimi.it\/en\/2022\/09\/12\/nasce-musa-lecosistema-della-tecnologia-e-dellinnovazione-sostenibile\/","title":{"rendered":"Launch of Musa: the ecosystem of technology and sustainable innovation"},"content":{"rendered":"<p>Milan has launched an ecosystem of technology and sustainable innovation,&nbsp;<strong>MUSA (Multilayered Urban Sustainability Action)<\/strong>: the collaboration between the Universit\u00e0 di Milano-Bicocca, the proposing body, the Politecnico di Milano, Universit\u00e0 Bocconi and Universit\u00e0 Statale di Milano will enable the development of smart solutions for\u00a0<strong>renewable energy<\/strong>&nbsp;and\u00a0&nbsp;<strong>waste management<\/strong>, the study of new models of&nbsp;<strong>green mobility<\/strong>, the creation of an incubator and acceleration hub for\u00a0&nbsp;<strong>startups<\/strong>, optimization of the use of\u00a0&nbsp;<strong>big data for the health and well-being of citizens<\/strong>, the development of new solutions of&nbsp;<strong>sustainable finance<\/strong>&nbsp;and the creation of the conditions for&nbsp;<strong>an increasingly inclusive society<\/strong>, free from inequalities.<\/p>\n\n\n\n<p>Transforming the metropolitan area of Milan into&nbsp;<strong>an innovation ecosystem for urban regeneration<\/strong>, a model that can be replicated on national and European level. This is the ambitious challenge that the four universities will face in the next three yearsthanks to partnerships with&nbsp;<strong>24 public and private entities<\/strong>&nbsp;and a total investment of EUR 16 million, with EUR 110 million from the\u00a0&nbsp;<strong>\u00a0National Recovery and Resilience Plan (PNRR)<\/strong>.<\/p>\n\n\n\n<p>The project has six areas of action, or \u2018spokes\u2019, each coordinated by one or more universities:<\/p>\n\n\n\n<ul class=\"wp-block-list\"><li>The project has six areas of action, or \u2018spokes\u2019, each coordinated by one or more universities:<\/li><li>Big Data-Open Data in Life Sciences<\/li><li>Deep Tech: Entrepreneurship &amp; Technology Transfer<\/li><li>Economic Impact and Sustainable Finance<\/li><li>Sustainable Fashion, Luxury and Design<\/li><li>Innovation for Sustainable and Inclusive Societies<\/li><\/ul>\n\n\n\n<p>MUSA was presented at the Universit\u00e0 di Milano-Bicocca, with the presentation attended by the rectors of the four universities:&nbsp;<strong>Giovanna Iannantuoni<\/strong>&nbsp;(Universit\u00e0 di Milano-Bicocca),&nbsp;<strong>Ferruccio Resta<\/strong>&nbsp;(Politecnico di Milano),&nbsp;<strong>Gianmario Verona<\/strong>&nbsp;(Bocconi),&nbsp;<strong>Elio Franzini<\/strong>&nbsp;\u00a0(Universit\u00e0 Statale di Milano), the President of the Lombardy Region,\u00a0&nbsp;<strong>Attilio Fontana<\/strong>, Regional Councillor for Education, Universities, Research, Innovation and Simplification,&nbsp;<strong>Fabrizio Sala<\/strong>, the Mayor of Milan,\u00a0&nbsp;<strong>Giuseppe Sala<\/strong>, and the President of the Cariplo Foundation,&nbsp;<strong>Giovanni Fosti<\/strong>.<\/p>\n\n\n\n<div style=\"height:30px\" aria-hidden=\"true\" class=\"wp-block-spacer\"><\/div>\n\n\n\n<figure class=\"wp-block-image size-large\"><img loading=\"lazy\" decoding=\"async\" width=\"1024\" height=\"683\" src=\"http:\/\/alumni.polimi.it\/wp-content\/uploads\/musa-1024x683.jpg\" alt=\"musa\" class=\"wp-image-31328\" srcset=\"https:\/\/alumni.polimi.it\/wp-content\/uploads\/musa-1024x683.jpg 1024w, https:\/\/alumni.polimi.it\/wp-content\/uploads\/musa-300x200.jpg 300w, https:\/\/alumni.polimi.it\/wp-content\/uploads\/musa-768x512.jpg 768w, https:\/\/alumni.polimi.it\/wp-content\/uploads\/musa-1536x1024.jpg 1536w, https:\/\/alumni.polimi.it\/wp-content\/uploads\/musa-2048x1366.jpg 2048w, https:\/\/alumni.polimi.it\/wp-content\/uploads\/musa-18x12.jpg 18w\" sizes=\"auto, (max-width: 1024px) 100vw, 1024px\" \/><figcaption>Gianmario Verona (Universit\u00e0 Bocconi), Elio Franzini (Universit\u00e0 Statale di Milano), Giovanna Iannantuoni (Universit\u00e0 di Milano-Bicocca), Ferruccio Resta (Politecnico di Milano). | Credits Polimi<\/figcaption><\/figure>\n\n\n\n<div style=\"height:30px\" aria-hidden=\"true\" class=\"wp-block-spacer\"><\/div>\n\n\n\n<blockquote class=\"wp-block-quote is-style-large is-layout-flow wp-block-quote-is-layout-flow\"><p><em>Developing technologies for economic and circular sustainability and promoting high-tech entrepreneurship are the two main objectives of the Politecnico di Milano within the MUSA ecosystem. The Lombardy Region and the metropolitan area of Milan, in particular, are a unicum in the national context, starting from leading sectors, such as fashion and design, gradually moving through to new companies with a high rate of innovation. The Politecnico di Milano Foundation, which has always been close to the needs of companies, will manage these two spokes together with the university,<\/em><\/p><\/blockquote>\n\n\n\n<div style=\"height:30px\" aria-hidden=\"true\" class=\"wp-block-spacer\"><\/div>\n\n\n\n<p>said Ferruccio Resta.<\/p>\n\n\n\n<p>In the cover image the rectors of the four universities: Gianmario Verona (Universit\u00e0 Bocconi), Elio Franzini (Universit\u00e0 Statale di Milano), Giovanna Iannantuoni (Universit\u00e0 di Milano-Bicocca), Ferruccio Resta (Politecnico di Milano).<\/p>\n\n\n\n<div style=\"height:94px\" aria-hidden=\"true\" class=\"wp-block-spacer\"><\/div>\n\n\n\n<p>Discover more: <a href=\"https:\/\/www.polimi.it\/in-evidenza\/dettaglio-news\/home\/nasce-musa-lecosistema-della-tecnologia-e-dellinnovazione-sostenibile\" target=\"_blank\" rel=\"noreferrer noopener\">polimi.it<\/a><\/p>\n\n\n\n<p>Credits header: <a href=\"https:\/\/lombardiaeconomy.it\/pnrr-il-progetto-musa-declina-nuove-idee-di-sostenibilita-e-digitalizzazione\/\" target=\"_blank\" rel=\"noreferrer noopener\">lombardiaeconomy.it<\/a><\/p>\n\n\n\n<div style=\"height:154px\" aria-hidden=\"true\" class=\"wp-block-spacer\"><\/div>","protected":false},"excerpt":{"rendered":"<p>Nasce a Milano l\u2019ecosistema della tecnologia e dell\u2019innovazione sostenibile&nbsp;MUSA (Multilayered Urban Sustainability Action): la collaborazione tra l\u2019Universit\u00e0 di Milano-Bicocca, ente proponente, il Politecnico di Milano, l\u2019Universit\u00e0 Bocconi e l\u2019Universit\u00e0 Statale [&hellip;]<\/p>\n","protected":false},"author":29,"featured_media":31332,"comment_status":"closed","ping_status":"open","sticky":false,"template":"","format":"standard","meta":{"_acf_changed":false,"footnotes":""},"categories":[9],"tags":[],"class_list":["post-31327","post","type-post","status-publish","format-standard","has-post-thumbnail","hentry","category-cat_ricerca"],"acf":[],"yoast_head":"<!-- This site is optimized with the Yoast SEO plugin v27.4 - https:\/\/yoast.com\/product\/yoast-seo-wordpress\/ -->\n<title>Nasce MUSA, l\u2019ecosistema della tecnologia e dell\u2019innovazione sostenibile<\/title>\n<meta name=\"description\" content=\"MUSA \u00e8 il progetto di Bicocca, Politecnico, Bocconi e Statale per l\u2019area metropolitana di Milano finanziato dal PNRR\" \/>\n<meta name=\"robots\" content=\"index, follow, max-snippet:-1, max-image-preview:large, max-video-preview:-1\" \/>\n<link rel=\"canonical\" href=\"https:\/\/alumni.polimi.it\/en\/2022\/09\/12\/nasce-musa-lecosistema-della-tecnologia-e-dellinnovazione-sostenibile\/\" \/>\n<meta property=\"og:locale\" content=\"en_US\" \/>\n<meta property=\"og:type\" content=\"article\" \/>\n<meta property=\"og:title\" content=\"Nasce MUSA, l\u2019ecosistema della tecnologia e dell\u2019innovazione sostenibile\" \/>\n<meta property=\"og:description\" content=\"MUSA \u00e8 il progetto di Bicocca, Politecnico, Bocconi e Statale per l\u2019area metropolitana di Milano finanziato dal PNRR\" \/>\n<meta property=\"og:url\" content=\"https:\/\/alumni.polimi.it\/en\/2022\/09\/12\/nasce-musa-lecosistema-della-tecnologia-e-dellinnovazione-sostenibile\/\" \/>\n<meta property=\"og:site_name\" content=\"Alumni\" \/>\n<meta property=\"article:publisher\" content=\"https:\/\/www.facebook.com\/AlumniPolimi\/\" \/>\n<meta property=\"article:published_time\" content=\"2022-09-12T06:25:00+00:00\" \/>\n<meta property=\"article:modified_time\" content=\"2022-11-17T16:14:16+00:00\" \/>\n<meta property=\"og:image\" content=\"http:\/\/alumni.polimi.it\/wp-content\/uploads\/Home-bassa-1800-X-1560-5-1.jpg\" \/>\n\t<meta property=\"og:image:width\" content=\"1800\" \/>\n\t<meta property=\"og:image:height\" content=\"1560\" \/>\n\t<meta property=\"og:image:type\" content=\"image\/jpeg\" \/>\n<meta name=\"author\" content=\"admin\" \/>\n<meta name=\"twitter:card\" content=\"summary_large_image\" \/>\n<meta name=\"twitter:label1\" content=\"Written by\" \/>\n\t<meta name=\"twitter:data1\" content=\"admin\" \/>\n\t<meta name=\"twitter:label2\" content=\"Est. reading time\" \/>\n\t<meta name=\"twitter:data2\" content=\"3 minutes\" \/>\n<script type=\"application\/ld+json\" class=\"yoast-schema-graph\">{\"@context\":\"https:\\\/\\\/schema.org\",\"@graph\":[{\"@type\":\"Article\",\"@id\":\"https:\\\/\\\/alumni.polimi.it\\\/2022\\\/09\\\/12\\\/nasce-musa-lecosistema-della-tecnologia-e-dellinnovazione-sostenibile\\\/#article\",\"isPartOf\":{\"@id\":\"https:\\\/\\\/alumni.polimi.it\\\/2022\\\/09\\\/12\\\/nasce-musa-lecosistema-della-tecnologia-e-dellinnovazione-sostenibile\\\/\"},\"author\":{\"name\":\"admin\",\"@id\":\"https:\\\/\\\/alumni.polimi.it\\\/#\\\/schema\\\/person\\\/ad861bbe4e9151a1e36776ad0690b95f\"},\"headline\":\"Nasce MUSA, l\u2019ecosistema della tecnologia e dell\u2019innovazione sostenibile\",\"datePublished\":\"2022-09-12T06:25:00+00:00\",\"dateModified\":\"2022-11-17T16:14:16+00:00\",\"mainEntityOfPage\":{\"@id\":\"https:\\\/\\\/alumni.polimi.it\\\/2022\\\/09\\\/12\\\/nasce-musa-lecosistema-della-tecnologia-e-dellinnovazione-sostenibile\\\/\"},\"wordCount\":509,\"publisher\":{\"@id\":\"https:\\\/\\\/alumni.polimi.it\\\/#organization\"},\"image\":{\"@id\":\"https:\\\/\\\/alumni.polimi.it\\\/2022\\\/09\\\/12\\\/nasce-musa-lecosistema-della-tecnologia-e-dellinnovazione-sostenibile\\\/#primaryimage\"},\"thumbnailUrl\":\"https:\\\/\\\/alumni.polimi.it\\\/wp-content\\\/uploads\\\/Home-bassa-1800-X-1560-5-1.jpg\",\"articleSection\":[\"Ricerca\"],\"inLanguage\":\"en-US\"},{\"@type\":\"WebPage\",\"@id\":\"https:\\\/\\\/alumni.polimi.it\\\/2022\\\/09\\\/12\\\/nasce-musa-lecosistema-della-tecnologia-e-dellinnovazione-sostenibile\\\/\",\"url\":\"https:\\\/\\\/alumni.polimi.it\\\/2022\\\/09\\\/12\\\/nasce-musa-lecosistema-della-tecnologia-e-dellinnovazione-sostenibile\\\/\",\"name\":\"Nasce MUSA, l\u2019ecosistema della tecnologia e dell\u2019innovazione sostenibile\",\"isPartOf\":{\"@id\":\"https:\\\/\\\/alumni.polimi.it\\\/#website\"},\"primaryImageOfPage\":{\"@id\":\"https:\\\/\\\/alumni.polimi.it\\\/2022\\\/09\\\/12\\\/nasce-musa-lecosistema-della-tecnologia-e-dellinnovazione-sostenibile\\\/#primaryimage\"},\"image\":{\"@id\":\"https:\\\/\\\/alumni.polimi.it\\\/2022\\\/09\\\/12\\\/nasce-musa-lecosistema-della-tecnologia-e-dellinnovazione-sostenibile\\\/#primaryimage\"},\"thumbnailUrl\":\"https:\\\/\\\/alumni.polimi.it\\\/wp-content\\\/uploads\\\/Home-bassa-1800-X-1560-5-1.jpg\",\"datePublished\":\"2022-09-12T06:25:00+00:00\",\"dateModified\":\"2022-11-17T16:14:16+00:00\",\"description\":\"MUSA \u00e8 il progetto di Bicocca, Politecnico, Bocconi e Statale per l\u2019area metropolitana di Milano finanziato dal PNRR\",\"breadcrumb\":{\"@id\":\"https:\\\/\\\/alumni.polimi.it\\\/2022\\\/09\\\/12\\\/nasce-musa-lecosistema-della-tecnologia-e-dellinnovazione-sostenibile\\\/#breadcrumb\"},\"inLanguage\":\"en-US\",\"potentialAction\":[{\"@type\":\"ReadAction\",\"target\":[\"https:\\\/\\\/alumni.polimi.it\\\/2022\\\/09\\\/12\\\/nasce-musa-lecosistema-della-tecnologia-e-dellinnovazione-sostenibile\\\/\"]}]},{\"@type\":\"ImageObject\",\"inLanguage\":\"en-US\",\"@id\":\"https:\\\/\\\/alumni.polimi.it\\\/2022\\\/09\\\/12\\\/nasce-musa-lecosistema-della-tecnologia-e-dellinnovazione-sostenibile\\\/#primaryimage\",\"url\":\"https:\\\/\\\/alumni.polimi.it\\\/wp-content\\\/uploads\\\/Home-bassa-1800-X-1560-5-1.jpg\",\"contentUrl\":\"https:\\\/\\\/alumni.polimi.it\\\/wp-content\\\/uploads\\\/Home-bassa-1800-X-1560-5-1.jpg\",\"width\":1800,\"height\":1560,\"caption\":\"Credits: Polimi\"},{\"@type\":\"BreadcrumbList\",\"@id\":\"https:\\\/\\\/alumni.polimi.it\\\/2022\\\/09\\\/12\\\/nasce-musa-lecosistema-della-tecnologia-e-dellinnovazione-sostenibile\\\/#breadcrumb\",\"itemListElement\":[{\"@type\":\"ListItem\",\"position\":1,\"name\":\"Home\",\"item\":\"https:\\\/\\\/alumni.polimi.it\\\/\"},{\"@type\":\"ListItem\",\"position\":2,\"name\":\"Nasce MUSA, l\u2019ecosistema della tecnologia e dell\u2019innovazione sostenibile\"}]},{\"@type\":\"WebSite\",\"@id\":\"https:\\\/\\\/alumni.polimi.it\\\/#website\",\"url\":\"https:\\\/\\\/alumni.polimi.it\\\/\",\"name\":\"Alumni\",\"description\":\"Politecnico di Milano\",\"publisher\":{\"@id\":\"https:\\\/\\\/alumni.polimi.it\\\/#organization\"},\"potentialAction\":[{\"@type\":\"SearchAction\",\"target\":{\"@type\":\"EntryPoint\",\"urlTemplate\":\"https:\\\/\\\/alumni.polimi.it\\\/?s={search_term_string}\"},\"query-input\":{\"@type\":\"PropertyValueSpecification\",\"valueRequired\":true,\"valueName\":\"search_term_string\"}}],\"inLanguage\":\"en-US\"},{\"@type\":\"Organization\",\"@id\":\"https:\\\/\\\/alumni.polimi.it\\\/#organization\",\"name\":\"Alumni Polimi Association\",\"url\":\"https:\\\/\\\/alumni.polimi.it\\\/\",\"logo\":{\"@type\":\"ImageObject\",\"inLanguage\":\"en-US\",\"@id\":\"https:\\\/\\\/alumni.polimi.it\\\/#\\\/schema\\\/logo\\\/image\\\/\",\"url\":\"https:\\\/\\\/alumni.polimi.it\\\/wp-content\\\/uploads\\\/Alumni.jpg\",\"contentUrl\":\"https:\\\/\\\/alumni.polimi.it\\\/wp-content\\\/uploads\\\/Alumni.jpg\",\"width\":1000,\"height\":267,\"caption\":\"Alumni Polimi Association\"},\"image\":{\"@id\":\"https:\\\/\\\/alumni.polimi.it\\\/#\\\/schema\\\/logo\\\/image\\\/\"},\"sameAs\":[\"https:\\\/\\\/www.facebook.com\\\/AlumniPolimi\\\/\",\"https:\\\/\\\/www.linkedin.com\\\/company\\\/alumni-politecnico-di-milano\\\/\"]},{\"@type\":\"Person\",\"@id\":\"https:\\\/\\\/alumni.polimi.it\\\/#\\\/schema\\\/person\\\/ad861bbe4e9151a1e36776ad0690b95f\",\"name\":\"admin\",\"image\":{\"@type\":\"ImageObject\",\"inLanguage\":\"en-US\",\"@id\":\"https:\\\/\\\/secure.gravatar.com\\\/avatar\\\/178b92607435216fe5ceb1d5478e4a76a899165c4fa31ae02b138ccfaf43ba0b?s=96&d=mm&r=g\",\"url\":\"https:\\\/\\\/secure.gravatar.com\\\/avatar\\\/178b92607435216fe5ceb1d5478e4a76a899165c4fa31ae02b138ccfaf43ba0b?s=96&d=mm&r=g\",\"contentUrl\":\"https:\\\/\\\/secure.gravatar.com\\\/avatar\\\/178b92607435216fe5ceb1d5478e4a76a899165c4fa31ae02b138ccfaf43ba0b?s=96&d=mm&r=g\",\"caption\":\"admin\"},\"url\":\"https:\\\/\\\/alumni.polimi.it\\\/en\\\/author\\\/admin\\\/\"}]}<\/script>\n<!-- \/ Yoast SEO plugin. -->","yoast_head_json":{"title":"Launch of Musa: the ecosystem of technology and sustainable innovation","description":"MUSA \u00e8 il progetto di Bicocca, Politecnico, Bocconi e Statale per l\u2019area metropolitana di Milano finanziato dal PNRR","robots":{"index":"index","follow":"follow","max-snippet":"max-snippet:-1","max-image-preview":"max-image-preview:large","max-video-preview":"max-video-preview:-1"},"canonical":"https:\/\/alumni.polimi.it\/en\/2022\/09\/12\/nasce-musa-lecosistema-della-tecnologia-e-dellinnovazione-sostenibile\/","og_locale":"en_US","og_type":"article","og_title":"Nasce MUSA, l\u2019ecosistema della tecnologia e dell\u2019innovazione sostenibile","og_description":"MUSA \u00e8 il progetto di Bicocca, Politecnico, Bocconi e Statale per l\u2019area metropolitana di Milano finanziato dal PNRR","og_url":"https:\/\/alumni.polimi.it\/en\/2022\/09\/12\/nasce-musa-lecosistema-della-tecnologia-e-dellinnovazione-sostenibile\/","og_site_name":"Alumni","article_publisher":"https:\/\/www.facebook.com\/AlumniPolimi\/","article_published_time":"2022-09-12T06:25:00+00:00","article_modified_time":"2022-11-17T16:14:16+00:00","og_image":[{"width":1800,"height":1560,"url":"http:\/\/alumni.polimi.it\/wp-content\/uploads\/Home-bassa-1800-X-1560-5-1.jpg","type":"image\/jpeg"}],"author":"admin","twitter_card":"summary_large_image","twitter_misc":{"Written by":"admin","Est. reading time":"3 minutes"},"schema":{"@context":"https:\/\/schema.org","@graph":[{"@type":"Article","@id":"https:\/\/alumni.polimi.it\/2022\/09\/12\/nasce-musa-lecosistema-della-tecnologia-e-dellinnovazione-sostenibile\/#article","isPartOf":{"@id":"https:\/\/alumni.polimi.it\/2022\/09\/12\/nasce-musa-lecosistema-della-tecnologia-e-dellinnovazione-sostenibile\/"},"author":{"name":"admin","@id":"https:\/\/alumni.polimi.it\/#\/schema\/person\/ad861bbe4e9151a1e36776ad0690b95f"},"headline":"Nasce MUSA, l\u2019ecosistema della tecnologia e dell\u2019innovazione sostenibile","datePublished":"2022-09-12T06:25:00+00:00","dateModified":"2022-11-17T16:14:16+00:00","mainEntityOfPage":{"@id":"https:\/\/alumni.polimi.it\/2022\/09\/12\/nasce-musa-lecosistema-della-tecnologia-e-dellinnovazione-sostenibile\/"},"wordCount":509,"publisher":{"@id":"https:\/\/alumni.polimi.it\/#organization"},"image":{"@id":"https:\/\/alumni.polimi.it\/2022\/09\/12\/nasce-musa-lecosistema-della-tecnologia-e-dellinnovazione-sostenibile\/#primaryimage"},"thumbnailUrl":"https:\/\/alumni.polimi.it\/wp-content\/uploads\/Home-bassa-1800-X-1560-5-1.jpg","articleSection":["Ricerca"],"inLanguage":"en-US"},{"@type":"WebPage","@id":"https:\/\/alumni.polimi.it\/2022\/09\/12\/nasce-musa-lecosistema-della-tecnologia-e-dellinnovazione-sostenibile\/","url":"https:\/\/alumni.polimi.it\/2022\/09\/12\/nasce-musa-lecosistema-della-tecnologia-e-dellinnovazione-sostenibile\/","name":"Launch of Musa: the ecosystem of technology and sustainable innovation","isPartOf":{"@id":"https:\/\/alumni.polimi.it\/#website"},"primaryImageOfPage":{"@id":"https:\/\/alumni.polimi.it\/2022\/09\/12\/nasce-musa-lecosistema-della-tecnologia-e-dellinnovazione-sostenibile\/#primaryimage"},"image":{"@id":"https:\/\/alumni.polimi.it\/2022\/09\/12\/nasce-musa-lecosistema-della-tecnologia-e-dellinnovazione-sostenibile\/#primaryimage"},"thumbnailUrl":"https:\/\/alumni.polimi.it\/wp-content\/uploads\/Home-bassa-1800-X-1560-5-1.jpg","datePublished":"2022-09-12T06:25:00+00:00","dateModified":"2022-11-17T16:14:16+00:00","description":"MUSA \u00e8 il progetto di Bicocca, Politecnico, Bocconi e Statale per l\u2019area metropolitana di Milano finanziato dal PNRR","breadcrumb":{"@id":"https:\/\/alumni.polimi.it\/2022\/09\/12\/nasce-musa-lecosistema-della-tecnologia-e-dellinnovazione-sostenibile\/#breadcrumb"},"inLanguage":"en-US","potentialAction":[{"@type":"ReadAction","target":["https:\/\/alumni.polimi.it\/2022\/09\/12\/nasce-musa-lecosistema-della-tecnologia-e-dellinnovazione-sostenibile\/"]}]},{"@type":"ImageObject","inLanguage":"en-US","@id":"https:\/\/alumni.polimi.it\/2022\/09\/12\/nasce-musa-lecosistema-della-tecnologia-e-dellinnovazione-sostenibile\/#primaryimage","url":"https:\/\/alumni.polimi.it\/wp-content\/uploads\/Home-bassa-1800-X-1560-5-1.jpg","contentUrl":"https:\/\/alumni.polimi.it\/wp-content\/uploads\/Home-bassa-1800-X-1560-5-1.jpg","width":1800,"height":1560,"caption":"Credits: Polimi"},{"@type":"BreadcrumbList","@id":"https:\/\/alumni.polimi.it\/2022\/09\/12\/nasce-musa-lecosistema-della-tecnologia-e-dellinnovazione-sostenibile\/#breadcrumb","itemListElement":[{"@type":"ListItem","position":1,"name":"Home","item":"https:\/\/alumni.polimi.it\/"},{"@type":"ListItem","position":2,"name":"Nasce MUSA, l\u2019ecosistema della tecnologia e dell\u2019innovazione sostenibile"}]},{"@type":"WebSite","@id":"https:\/\/alumni.polimi.it\/#website","url":"https:\/\/alumni.polimi.it\/","name":"Alumni","description":"Politecnico di Milano","publisher":{"@id":"https:\/\/alumni.polimi.it\/#organization"},"potentialAction":[{"@type":"SearchAction","target":{"@type":"EntryPoint","urlTemplate":"https:\/\/alumni.polimi.it\/?s={search_term_string}"},"query-input":{"@type":"PropertyValueSpecification","valueRequired":true,"valueName":"search_term_string"}}],"inLanguage":"en-US"},{"@type":"Organization","@id":"https:\/\/alumni.polimi.it\/#organization","name":"Alumni Polimi Association","url":"https:\/\/alumni.polimi.it\/","logo":{"@type":"ImageObject","inLanguage":"en-US","@id":"https:\/\/alumni.polimi.it\/#\/schema\/logo\/image\/","url":"https:\/\/alumni.polimi.it\/wp-content\/uploads\/Alumni.jpg","contentUrl":"https:\/\/alumni.polimi.it\/wp-content\/uploads\/Alumni.jpg","width":1000,"height":267,"caption":"Alumni Polimi Association"},"image":{"@id":"https:\/\/alumni.polimi.it\/#\/schema\/logo\/image\/"},"sameAs":["https:\/\/www.facebook.com\/AlumniPolimi\/","https:\/\/www.linkedin.com\/company\/alumni-politecnico-di-milano\/"]},{"@type":"Person","@id":"https:\/\/alumni.polimi.it\/#\/schema\/person\/ad861bbe4e9151a1e36776ad0690b95f","name":"admin","image":{"@type":"ImageObject","inLanguage":"en-US","@id":"https:\/\/secure.gravatar.com\/avatar\/178b92607435216fe5ceb1d5478e4a76a899165c4fa31ae02b138ccfaf43ba0b?s=96&d=mm&r=g","url":"https:\/\/secure.gravatar.com\/avatar\/178b92607435216fe5ceb1d5478e4a76a899165c4fa31ae02b138ccfaf43ba0b?s=96&d=mm&r=g","contentUrl":"https:\/\/secure.gravatar.com\/avatar\/178b92607435216fe5ceb1d5478e4a76a899165c4fa31ae02b138ccfaf43ba0b?s=96&d=mm&r=g","caption":"admin"},"url":"https:\/\/alumni.polimi.it\/en\/author\/admin\/"}]}},"_links":{"self":[{"href":"https:\/\/alumni.polimi.it\/en\/wp-json\/wp\/v2\/posts\/31327","targetHints":{"allow":["GET"]}}],"collection":[{"href":"https:\/\/alumni.polimi.it\/en\/wp-json\/wp\/v2\/posts"}],"about":[{"href":"https:\/\/alumni.polimi.it\/en\/wp-json\/wp\/v2\/types\/post"}],"author":[{"embeddable":true,"href":"https:\/\/alumni.polimi.it\/en\/wp-json\/wp\/v2\/users\/29"}],"replies":[{"embeddable":true,"href":"https:\/\/alumni.polimi.it\/en\/wp-json\/wp\/v2\/comments?post=31327"}],"version-history":[{"count":7,"href":"https:\/\/alumni.polimi.it\/en\/wp-json\/wp\/v2\/posts\/31327\/revisions"}],"predecessor-version":[{"id":31778,"href":"https:\/\/alumni.polimi.it\/en\/wp-json\/wp\/v2\/posts\/31327\/revisions\/31778"}],"wp:featuredmedia":[{"embeddable":true,"href":"https:\/\/alumni.polimi.it\/en\/wp-json\/wp\/v2\/media\/31332"}],"wp:attachment":[{"href":"https:\/\/alumni.polimi.it\/en\/wp-json\/wp\/v2\/media?parent=31327"}],"wp:term":[{"taxonomy":"category","embeddable":true,"href":"https:\/\/alumni.polimi.it\/en\/wp-json\/wp\/v2\/categories?post=31327"},{"taxonomy":"post_tag","embeddable":true,"href":"https:\/\/alumni.polimi.it\/en\/wp-json\/wp\/v2\/tags?post=31327"}],"curies":[{"name":"wp","href":"https:\/\/api.w.org\/{rel}","templated":true}]}}