{"id":30457,"date":"2022-07-04T09:00:00","date_gmt":"2022-07-04T07:00:00","guid":{"rendered":"https:\/\/alumni.polimi.it\/?p=30457"},"modified":"2024-09-26T14:59:15","modified_gmt":"2024-09-26T12:59:15","slug":"pnrr-nasce-il-centro-nazionale-per-la-mobilita-sostenibile","status":"publish","type":"post","link":"https:\/\/alumni.polimi.it\/en\/2022\/07\/04\/pnrr-nasce-il-centro-nazionale-per-la-mobilita-sostenibile\/","title":{"rendered":"NRRP, kick off of the national centre for sustainable mobility"},"content":{"rendered":"<p>The charter for the&nbsp;<strong>National Centre for Sustainable Mobility<\/strong>: has been signed: 25 universities, with their research centres, and 24 large companies operating in mobility and infrastructure sectors joined forces with the aim of&nbsp;<strong>supporting the green and digital transition in a sustainable perspective<\/strong>, ensuring industrial transition and helping local institutions to implement modern, sustainable and inclusive solutions.<\/p>\n\n\n\n<p class=\"translation-block\">It is an ambitious project: it will involve <strong>696 researchers from the partner institutions, together with 574 new recruits<\/strong>, and is intended to be a real tool of growth and development in a key sector such as mobility, which is estimated to reach a total national value of 220 billion euro in 2030, employing 12% of the workforce; the investment for the first 3 years (2023-2025) amounts to <strong>\u20ac394 million<\/strong>.<\/p>\n\n\n\n<p>The activities of the National Centre for Sustainable Mobility will focus on five technological areas of greater interest:&nbsp;<strong>air mobility; sustainable road vehicles; waterborne transport; rail transport; light vehicles and active mobility<\/strong>, aiming to make the mobility system 'greener' as a whole and more 'digital' in its management.<\/p>\n\n\n\n<p>According to the \u201cHub&amp;Spoke\u201d model, there will be&nbsp;<strong>a central \u201chub\u201d in Milan and 14 \u201cspoke\u201d research facilities distributed throughout the country<\/strong>,  to ensure the territorial rebalancing that is one of the priorities of the NRPP.<\/p>\n\n\n\n<div style=\"height:30px\" aria-hidden=\"true\" class=\"wp-block-spacer\"><\/div>\n\n\n\n<blockquote class=\"wp-block-quote is-style-large is-layout-flow wp-block-quote-is-layout-flow\"><p><em>The National Mobility Centre responds to one of the key missions of the NRPP: to promote extended collaboration between the worlds of research and industry intended as part of a supply chain. Its strengths will be projects of high technological maturity with the precise intention of providing a concrete response to the country's needs in a long-term perspective that goes beyond the 2026 deadline. This is our commitment. This is the opportunity to implement structural reforms. A game that we are willing to play to the end<\/em><\/p><\/blockquote>\n\n\n\n<div style=\"height:30px\" aria-hidden=\"true\" class=\"wp-block-spacer\"><\/div>\n\n\n\n<p>commented&nbsp;<strong>Ferruccio Resta<\/strong>, Rector of the Politecnico di Milano, the proposing institution of the Centre for Sustainable Mobility.<\/p>\n\n\n\n<p>The National Centre for Sustainable Mobility is the first to start among the five National Centres planned in the NRPP - National Recovery and Resilience Plan: they are widespread networks of universities, public research bodies and other public and private parties engaged in research activities that are recognised as being highly qualified in the development of infrastructure, projects and solutions that can be of immediate use for the entire social context.\nThe areas in which the Research Centres will operate are in line with the priorities of the EU Research Agenda and the contents of the Italian National Research Program (NRP) 2021-27: High-performance simulations, calculations and data analysis; Agricultural Technologies (Agritech); Development of medicines with RNA technology and gene therapy; Sustainable mobility; Biodiversity.<\/p>\n\n\n\n<p>Parties involved in the National Centre for Sustainable Mobility:<\/p>\n\n\n\n<h3 class=\"wp-block-heading\"><strong>Organising research bodies<\/strong><\/h3>\n\n\n\n<p>Politecnico di Milano, Cnr, Politecnico di Torino, Politecnico di Bari, Universit\u00e0 di Bergamo, Universit\u00e0 di Parma, Universit\u00e0 di Torino, Universit\u00e0 di Palermo, Universit\u00e0 di Bologna, Universit\u00e0 di Modena e Reggio Emilia, Universit\u00e0 di Cagliari, Universit\u00e0 di Roma La Sapienza, Universit\u00e0 degli Studi di Napoli Federico II, Universit\u00e0 di Salerno, Universit\u00e0 Napoli Parthenope, Universit\u00e0 del Salento, Universit\u00e0 di Padova, Universit\u00e0 di Pisa<\/p>\n\n\n\n<h3 class=\"wp-block-heading\"><strong>Supporting research bodies<\/strong><\/h3>\n\n\n\n<p>Universit\u00e0 Bicocca, Universit\u00e0 di Brescia, Universit\u00e0 di Cassino e del Lazio Meridionale, Universit\u00e0 di Firenze, Universit\u00e0 di Genova, Universit\u00e0 di Reggio Calabria, Universit\u00e0 Politecnica delle Marche<\/p>\n\n\n\n<h3 class=\"wp-block-heading\"><strong>Founders<\/strong><\/h3>\n\n\n\n<p>A2A, Almaviva, Angelo Holding, Autostrade per l'Italia, Eni, Ferrari, Fincantieri, Fnm, Fs, Intesa Sanpaolo, Iveco Group, Leonardo, Pirelli, Poste Italiane, UnipolSai, Snam<\/p>\n\n\n\n<h3 class=\"wp-block-heading\"><strong>Participants<\/strong><\/h3>\n\n\n\n<p>Accenture, Atos, Avio Aero, Brembo, Hitachi Rail, Teoresi Group, Thales Alenia Spazio Italia Spa, Stellantis \u2013 crf<\/p>\n\n\n\n<div style=\"height:112px\" aria-hidden=\"true\" class=\"wp-block-spacer\"><\/div>\n\n\n\n<h5 class=\"wp-block-heading\">Leggi anche: https:\/\/www.polimi.it\/it\/dettaglio-apertura\/article\/10\/pnrr-nasce-il-centro-nazionale-per-la-mobilita-sostenibile-10402\/ <\/h5>\n\n\n\n<div style=\"height:112px\" aria-hidden=\"true\" class=\"wp-block-spacer\"><\/div>","protected":false},"excerpt":{"rendered":"<p>Firmato l\u2019atto costitutivo del&nbsp;Centro Nazionale per la Mobilit\u00e0 Sostenibile: 25 universit\u00e0, e relativi centri di ricerca, hanno unito le forze con 24 grandi imprese attive nell\u2019ambito della mobilit\u00e0 e delle [&hellip;]<\/p>\n","protected":false},"author":29,"featured_media":30465,"comment_status":"closed","ping_status":"open","sticky":false,"template":"","format":"standard","meta":{"_acf_changed":false,"footnotes":""},"categories":[5],"tags":[],"class_list":["post-30457","post","type-post","status-publish","format-standard","has-post-thumbnail","hentry","category-cat_rettorato"],"acf":[],"yoast_head":"<!-- This site is optimized with the Yoast SEO plugin v27.4 - https:\/\/yoast.com\/product\/yoast-seo-wordpress\/ -->\n<title>PNRR, nasce il centro nazionale per la mobilit\u00e0 sostenibile - Alumni<\/title>\n<meta name=\"robots\" content=\"index, follow, max-snippet:-1, max-image-preview:large, max-video-preview:-1\" \/>\n<link rel=\"canonical\" href=\"https:\/\/alumni.polimi.it\/en\/2022\/07\/04\/pnrr-nasce-il-centro-nazionale-per-la-mobilita-sostenibile\/\" \/>\n<meta property=\"og:locale\" content=\"en_US\" \/>\n<meta property=\"og:type\" content=\"article\" \/>\n<meta property=\"og:title\" content=\"PNRR, nasce il centro nazionale per la mobilit\u00e0 sostenibile - Alumni\" \/>\n<meta property=\"og:description\" content=\"Firmato l\u2019atto costitutivo del&nbsp;Centro Nazionale per la Mobilit\u00e0 Sostenibile: 25 universit\u00e0, e relativi centri di ricerca, hanno unito le forze con 24 grandi imprese attive nell\u2019ambito della mobilit\u00e0 e delle [&hellip;]\" \/>\n<meta property=\"og:url\" content=\"https:\/\/alumni.polimi.it\/en\/2022\/07\/04\/pnrr-nasce-il-centro-nazionale-per-la-mobilita-sostenibile\/\" \/>\n<meta property=\"og:site_name\" content=\"Alumni\" \/>\n<meta property=\"article:publisher\" content=\"https:\/\/www.facebook.com\/AlumniPolimi\/\" \/>\n<meta property=\"article:published_time\" content=\"2022-07-04T07:00:00+00:00\" \/>\n<meta property=\"article:modified_time\" content=\"2024-09-26T12:59:15+00:00\" \/>\n<meta property=\"og:image\" content=\"http:\/\/alumni.polimi.it\/wp-content\/uploads\/Home-bassa-1800-X-1560-27.jpg\" \/>\n\t<meta property=\"og:image:width\" content=\"1800\" \/>\n\t<meta property=\"og:image:height\" content=\"1560\" \/>\n\t<meta property=\"og:image:type\" content=\"image\/jpeg\" \/>\n<meta name=\"author\" content=\"admin\" \/>\n<meta name=\"twitter:card\" content=\"summary_large_image\" \/>\n<meta name=\"twitter:label1\" content=\"Written by\" \/>\n\t<meta name=\"twitter:data1\" content=\"admin\" \/>\n\t<meta name=\"twitter:label2\" content=\"Est. reading time\" \/>\n\t<meta name=\"twitter:data2\" content=\"3 minutes\" \/>\n<script type=\"application\/ld+json\" class=\"yoast-schema-graph\">{\"@context\":\"https:\\\/\\\/schema.org\",\"@graph\":[{\"@type\":\"Article\",\"@id\":\"https:\\\/\\\/alumni.polimi.it\\\/2022\\\/07\\\/04\\\/pnrr-nasce-il-centro-nazionale-per-la-mobilita-sostenibile\\\/#article\",\"isPartOf\":{\"@id\":\"https:\\\/\\\/alumni.polimi.it\\\/2022\\\/07\\\/04\\\/pnrr-nasce-il-centro-nazionale-per-la-mobilita-sostenibile\\\/\"},\"author\":{\"name\":\"admin\",\"@id\":\"https:\\\/\\\/alumni.polimi.it\\\/#\\\/schema\\\/person\\\/ad861bbe4e9151a1e36776ad0690b95f\"},\"headline\":\"PNRR, nasce il centro nazionale per la mobilit\u00e0 sostenibile\",\"datePublished\":\"2022-07-04T07:00:00+00:00\",\"dateModified\":\"2024-09-26T12:59:15+00:00\",\"mainEntityOfPage\":{\"@id\":\"https:\\\/\\\/alumni.polimi.it\\\/2022\\\/07\\\/04\\\/pnrr-nasce-il-centro-nazionale-per-la-mobilita-sostenibile\\\/\"},\"wordCount\":592,\"publisher\":{\"@id\":\"https:\\\/\\\/alumni.polimi.it\\\/#organization\"},\"image\":{\"@id\":\"https:\\\/\\\/alumni.polimi.it\\\/2022\\\/07\\\/04\\\/pnrr-nasce-il-centro-nazionale-per-la-mobilita-sostenibile\\\/#primaryimage\"},\"thumbnailUrl\":\"https:\\\/\\\/alumni.polimi.it\\\/wp-content\\\/uploads\\\/Home-bassa-1800-X-1560-27.jpg\",\"articleSection\":[\"DAL RETTORATO\"],\"inLanguage\":\"en-US\"},{\"@type\":\"WebPage\",\"@id\":\"https:\\\/\\\/alumni.polimi.it\\\/2022\\\/07\\\/04\\\/pnrr-nasce-il-centro-nazionale-per-la-mobilita-sostenibile\\\/\",\"url\":\"https:\\\/\\\/alumni.polimi.it\\\/2022\\\/07\\\/04\\\/pnrr-nasce-il-centro-nazionale-per-la-mobilita-sostenibile\\\/\",\"name\":\"PNRR, nasce il centro nazionale per la mobilit\u00e0 sostenibile - Alumni\",\"isPartOf\":{\"@id\":\"https:\\\/\\\/alumni.polimi.it\\\/#website\"},\"primaryImageOfPage\":{\"@id\":\"https:\\\/\\\/alumni.polimi.it\\\/2022\\\/07\\\/04\\\/pnrr-nasce-il-centro-nazionale-per-la-mobilita-sostenibile\\\/#primaryimage\"},\"image\":{\"@id\":\"https:\\\/\\\/alumni.polimi.it\\\/2022\\\/07\\\/04\\\/pnrr-nasce-il-centro-nazionale-per-la-mobilita-sostenibile\\\/#primaryimage\"},\"thumbnailUrl\":\"https:\\\/\\\/alumni.polimi.it\\\/wp-content\\\/uploads\\\/Home-bassa-1800-X-1560-27.jpg\",\"datePublished\":\"2022-07-04T07:00:00+00:00\",\"dateModified\":\"2024-09-26T12:59:15+00:00\",\"breadcrumb\":{\"@id\":\"https:\\\/\\\/alumni.polimi.it\\\/2022\\\/07\\\/04\\\/pnrr-nasce-il-centro-nazionale-per-la-mobilita-sostenibile\\\/#breadcrumb\"},\"inLanguage\":\"en-US\",\"potentialAction\":[{\"@type\":\"ReadAction\",\"target\":[\"https:\\\/\\\/alumni.polimi.it\\\/2022\\\/07\\\/04\\\/pnrr-nasce-il-centro-nazionale-per-la-mobilita-sostenibile\\\/\"]}]},{\"@type\":\"ImageObject\",\"inLanguage\":\"en-US\",\"@id\":\"https:\\\/\\\/alumni.polimi.it\\\/2022\\\/07\\\/04\\\/pnrr-nasce-il-centro-nazionale-per-la-mobilita-sostenibile\\\/#primaryimage\",\"url\":\"https:\\\/\\\/alumni.polimi.it\\\/wp-content\\\/uploads\\\/Home-bassa-1800-X-1560-27.jpg\",\"contentUrl\":\"https:\\\/\\\/alumni.polimi.it\\\/wp-content\\\/uploads\\\/Home-bassa-1800-X-1560-27.jpg\",\"width\":1800,\"height\":1560,\"caption\":\"mobility home\"},{\"@type\":\"BreadcrumbList\",\"@id\":\"https:\\\/\\\/alumni.polimi.it\\\/2022\\\/07\\\/04\\\/pnrr-nasce-il-centro-nazionale-per-la-mobilita-sostenibile\\\/#breadcrumb\",\"itemListElement\":[{\"@type\":\"ListItem\",\"position\":1,\"name\":\"Home\",\"item\":\"https:\\\/\\\/alumni.polimi.it\\\/\"},{\"@type\":\"ListItem\",\"position\":2,\"name\":\"PNRR, nasce il centro nazionale per la mobilit\u00e0 sostenibile\"}]},{\"@type\":\"WebSite\",\"@id\":\"https:\\\/\\\/alumni.polimi.it\\\/#website\",\"url\":\"https:\\\/\\\/alumni.polimi.it\\\/\",\"name\":\"Alumni\",\"description\":\"Politecnico di Milano\",\"publisher\":{\"@id\":\"https:\\\/\\\/alumni.polimi.it\\\/#organization\"},\"potentialAction\":[{\"@type\":\"SearchAction\",\"target\":{\"@type\":\"EntryPoint\",\"urlTemplate\":\"https:\\\/\\\/alumni.polimi.it\\\/?s={search_term_string}\"},\"query-input\":{\"@type\":\"PropertyValueSpecification\",\"valueRequired\":true,\"valueName\":\"search_term_string\"}}],\"inLanguage\":\"en-US\"},{\"@type\":\"Organization\",\"@id\":\"https:\\\/\\\/alumni.polimi.it\\\/#organization\",\"name\":\"Alumni Polimi Association\",\"url\":\"https:\\\/\\\/alumni.polimi.it\\\/\",\"logo\":{\"@type\":\"ImageObject\",\"inLanguage\":\"en-US\",\"@id\":\"https:\\\/\\\/alumni.polimi.it\\\/#\\\/schema\\\/logo\\\/image\\\/\",\"url\":\"https:\\\/\\\/alumni.polimi.it\\\/wp-content\\\/uploads\\\/Alumni.jpg\",\"contentUrl\":\"https:\\\/\\\/alumni.polimi.it\\\/wp-content\\\/uploads\\\/Alumni.jpg\",\"width\":1000,\"height\":267,\"caption\":\"Alumni Polimi Association\"},\"image\":{\"@id\":\"https:\\\/\\\/alumni.polimi.it\\\/#\\\/schema\\\/logo\\\/image\\\/\"},\"sameAs\":[\"https:\\\/\\\/www.facebook.com\\\/AlumniPolimi\\\/\",\"https:\\\/\\\/www.linkedin.com\\\/company\\\/alumni-politecnico-di-milano\\\/\"]},{\"@type\":\"Person\",\"@id\":\"https:\\\/\\\/alumni.polimi.it\\\/#\\\/schema\\\/person\\\/ad861bbe4e9151a1e36776ad0690b95f\",\"name\":\"admin\",\"image\":{\"@type\":\"ImageObject\",\"inLanguage\":\"en-US\",\"@id\":\"https:\\\/\\\/secure.gravatar.com\\\/avatar\\\/178b92607435216fe5ceb1d5478e4a76a899165c4fa31ae02b138ccfaf43ba0b?s=96&d=mm&r=g\",\"url\":\"https:\\\/\\\/secure.gravatar.com\\\/avatar\\\/178b92607435216fe5ceb1d5478e4a76a899165c4fa31ae02b138ccfaf43ba0b?s=96&d=mm&r=g\",\"contentUrl\":\"https:\\\/\\\/secure.gravatar.com\\\/avatar\\\/178b92607435216fe5ceb1d5478e4a76a899165c4fa31ae02b138ccfaf43ba0b?s=96&d=mm&r=g\",\"caption\":\"admin\"},\"url\":\"https:\\\/\\\/alumni.polimi.it\\\/en\\\/author\\\/admin\\\/\"}]}<\/script>\n<!-- \/ Yoast SEO plugin. -->","yoast_head_json":{"title":"PNRR, nasce il centro nazionale per la mobilit\u00e0 sostenibile - Alumni","robots":{"index":"index","follow":"follow","max-snippet":"max-snippet:-1","max-image-preview":"max-image-preview:large","max-video-preview":"max-video-preview:-1"},"canonical":"https:\/\/alumni.polimi.it\/en\/2022\/07\/04\/pnrr-nasce-il-centro-nazionale-per-la-mobilita-sostenibile\/","og_locale":"en_US","og_type":"article","og_title":"PNRR, nasce il centro nazionale per la mobilit\u00e0 sostenibile - Alumni","og_description":"Firmato l\u2019atto costitutivo del&nbsp;Centro Nazionale per la Mobilit\u00e0 Sostenibile: 25 universit\u00e0, e relativi centri di ricerca, hanno unito le forze con 24 grandi imprese attive nell\u2019ambito della mobilit\u00e0 e delle [&hellip;]","og_url":"https:\/\/alumni.polimi.it\/en\/2022\/07\/04\/pnrr-nasce-il-centro-nazionale-per-la-mobilita-sostenibile\/","og_site_name":"Alumni","article_publisher":"https:\/\/www.facebook.com\/AlumniPolimi\/","article_published_time":"2022-07-04T07:00:00+00:00","article_modified_time":"2024-09-26T12:59:15+00:00","og_image":[{"width":1800,"height":1560,"url":"http:\/\/alumni.polimi.it\/wp-content\/uploads\/Home-bassa-1800-X-1560-27.jpg","type":"image\/jpeg"}],"author":"admin","twitter_card":"summary_large_image","twitter_misc":{"Written by":"admin","Est. reading time":"3 minutes"},"schema":{"@context":"https:\/\/schema.org","@graph":[{"@type":"Article","@id":"https:\/\/alumni.polimi.it\/2022\/07\/04\/pnrr-nasce-il-centro-nazionale-per-la-mobilita-sostenibile\/#article","isPartOf":{"@id":"https:\/\/alumni.polimi.it\/2022\/07\/04\/pnrr-nasce-il-centro-nazionale-per-la-mobilita-sostenibile\/"},"author":{"name":"admin","@id":"https:\/\/alumni.polimi.it\/#\/schema\/person\/ad861bbe4e9151a1e36776ad0690b95f"},"headline":"PNRR, nasce il centro nazionale per la mobilit\u00e0 sostenibile","datePublished":"2022-07-04T07:00:00+00:00","dateModified":"2024-09-26T12:59:15+00:00","mainEntityOfPage":{"@id":"https:\/\/alumni.polimi.it\/2022\/07\/04\/pnrr-nasce-il-centro-nazionale-per-la-mobilita-sostenibile\/"},"wordCount":592,"publisher":{"@id":"https:\/\/alumni.polimi.it\/#organization"},"image":{"@id":"https:\/\/alumni.polimi.it\/2022\/07\/04\/pnrr-nasce-il-centro-nazionale-per-la-mobilita-sostenibile\/#primaryimage"},"thumbnailUrl":"https:\/\/alumni.polimi.it\/wp-content\/uploads\/Home-bassa-1800-X-1560-27.jpg","articleSection":["DAL RETTORATO"],"inLanguage":"en-US"},{"@type":"WebPage","@id":"https:\/\/alumni.polimi.it\/2022\/07\/04\/pnrr-nasce-il-centro-nazionale-per-la-mobilita-sostenibile\/","url":"https:\/\/alumni.polimi.it\/2022\/07\/04\/pnrr-nasce-il-centro-nazionale-per-la-mobilita-sostenibile\/","name":"PNRR, nasce il centro nazionale per la mobilit\u00e0 sostenibile - Alumni","isPartOf":{"@id":"https:\/\/alumni.polimi.it\/#website"},"primaryImageOfPage":{"@id":"https:\/\/alumni.polimi.it\/2022\/07\/04\/pnrr-nasce-il-centro-nazionale-per-la-mobilita-sostenibile\/#primaryimage"},"image":{"@id":"https:\/\/alumni.polimi.it\/2022\/07\/04\/pnrr-nasce-il-centro-nazionale-per-la-mobilita-sostenibile\/#primaryimage"},"thumbnailUrl":"https:\/\/alumni.polimi.it\/wp-content\/uploads\/Home-bassa-1800-X-1560-27.jpg","datePublished":"2022-07-04T07:00:00+00:00","dateModified":"2024-09-26T12:59:15+00:00","breadcrumb":{"@id":"https:\/\/alumni.polimi.it\/2022\/07\/04\/pnrr-nasce-il-centro-nazionale-per-la-mobilita-sostenibile\/#breadcrumb"},"inLanguage":"en-US","potentialAction":[{"@type":"ReadAction","target":["https:\/\/alumni.polimi.it\/2022\/07\/04\/pnrr-nasce-il-centro-nazionale-per-la-mobilita-sostenibile\/"]}]},{"@type":"ImageObject","inLanguage":"en-US","@id":"https:\/\/alumni.polimi.it\/2022\/07\/04\/pnrr-nasce-il-centro-nazionale-per-la-mobilita-sostenibile\/#primaryimage","url":"https:\/\/alumni.polimi.it\/wp-content\/uploads\/Home-bassa-1800-X-1560-27.jpg","contentUrl":"https:\/\/alumni.polimi.it\/wp-content\/uploads\/Home-bassa-1800-X-1560-27.jpg","width":1800,"height":1560,"caption":"mobility home"},{"@type":"BreadcrumbList","@id":"https:\/\/alumni.polimi.it\/2022\/07\/04\/pnrr-nasce-il-centro-nazionale-per-la-mobilita-sostenibile\/#breadcrumb","itemListElement":[{"@type":"ListItem","position":1,"name":"Home","item":"https:\/\/alumni.polimi.it\/"},{"@type":"ListItem","position":2,"name":"PNRR, nasce il centro nazionale per la mobilit\u00e0 sostenibile"}]},{"@type":"WebSite","@id":"https:\/\/alumni.polimi.it\/#website","url":"https:\/\/alumni.polimi.it\/","name":"Alumni","description":"Politecnico di Milano","publisher":{"@id":"https:\/\/alumni.polimi.it\/#organization"},"potentialAction":[{"@type":"SearchAction","target":{"@type":"EntryPoint","urlTemplate":"https:\/\/alumni.polimi.it\/?s={search_term_string}"},"query-input":{"@type":"PropertyValueSpecification","valueRequired":true,"valueName":"search_term_string"}}],"inLanguage":"en-US"},{"@type":"Organization","@id":"https:\/\/alumni.polimi.it\/#organization","name":"Alumni Polimi Association","url":"https:\/\/alumni.polimi.it\/","logo":{"@type":"ImageObject","inLanguage":"en-US","@id":"https:\/\/alumni.polimi.it\/#\/schema\/logo\/image\/","url":"https:\/\/alumni.polimi.it\/wp-content\/uploads\/Alumni.jpg","contentUrl":"https:\/\/alumni.polimi.it\/wp-content\/uploads\/Alumni.jpg","width":1000,"height":267,"caption":"Alumni Polimi Association"},"image":{"@id":"https:\/\/alumni.polimi.it\/#\/schema\/logo\/image\/"},"sameAs":["https:\/\/www.facebook.com\/AlumniPolimi\/","https:\/\/www.linkedin.com\/company\/alumni-politecnico-di-milano\/"]},{"@type":"Person","@id":"https:\/\/alumni.polimi.it\/#\/schema\/person\/ad861bbe4e9151a1e36776ad0690b95f","name":"admin","image":{"@type":"ImageObject","inLanguage":"en-US","@id":"https:\/\/secure.gravatar.com\/avatar\/178b92607435216fe5ceb1d5478e4a76a899165c4fa31ae02b138ccfaf43ba0b?s=96&d=mm&r=g","url":"https:\/\/secure.gravatar.com\/avatar\/178b92607435216fe5ceb1d5478e4a76a899165c4fa31ae02b138ccfaf43ba0b?s=96&d=mm&r=g","contentUrl":"https:\/\/secure.gravatar.com\/avatar\/178b92607435216fe5ceb1d5478e4a76a899165c4fa31ae02b138ccfaf43ba0b?s=96&d=mm&r=g","caption":"admin"},"url":"https:\/\/alumni.polimi.it\/en\/author\/admin\/"}]}},"_links":{"self":[{"href":"https:\/\/alumni.polimi.it\/en\/wp-json\/wp\/v2\/posts\/30457","targetHints":{"allow":["GET"]}}],"collection":[{"href":"https:\/\/alumni.polimi.it\/en\/wp-json\/wp\/v2\/posts"}],"about":[{"href":"https:\/\/alumni.polimi.it\/en\/wp-json\/wp\/v2\/types\/post"}],"author":[{"embeddable":true,"href":"https:\/\/alumni.polimi.it\/en\/wp-json\/wp\/v2\/users\/29"}],"replies":[{"embeddable":true,"href":"https:\/\/alumni.polimi.it\/en\/wp-json\/wp\/v2\/comments?post=30457"}],"version-history":[{"count":10,"href":"https:\/\/alumni.polimi.it\/en\/wp-json\/wp\/v2\/posts\/30457\/revisions"}],"predecessor-version":[{"id":30581,"href":"https:\/\/alumni.polimi.it\/en\/wp-json\/wp\/v2\/posts\/30457\/revisions\/30581"}],"wp:featuredmedia":[{"embeddable":true,"href":"https:\/\/alumni.polimi.it\/en\/wp-json\/wp\/v2\/media\/30465"}],"wp:attachment":[{"href":"https:\/\/alumni.polimi.it\/en\/wp-json\/wp\/v2\/media?parent=30457"}],"wp:term":[{"taxonomy":"category","embeddable":true,"href":"https:\/\/alumni.polimi.it\/en\/wp-json\/wp\/v2\/categories?post=30457"},{"taxonomy":"post_tag","embeddable":true,"href":"https:\/\/alumni.polimi.it\/en\/wp-json\/wp\/v2\/tags?post=30457"}],"curies":[{"name":"wp","href":"https:\/\/api.w.org\/{rel}","templated":true}]}}