{"id":27090,"date":"2021-12-03T10:58:45","date_gmt":"2021-12-03T09:58:45","guid":{"rendered":"http:\/\/alumni.polimi.it\/?p=27090"},"modified":"2022-11-17T17:33:37","modified_gmt":"2022-11-17T16:33:37","slug":"jrc-annual-meeting-pnrr-serve-una-cordata-universita-imprese","status":"publish","type":"post","link":"https:\/\/alumni.polimi.it\/en\/2021\/12\/03\/jrc-annual-meeting-pnrr-serve-una-cordata-universita-imprese\/","title":{"rendered":"Recovery and Resilience Plan: an alliance between university and industries to tackle the new challenges"},"content":{"rendered":"<p class=\"translation-block\">Technological challenges more and more complex and rapidly evolving. This is the scenario described by the top management of the University to the 62 companies that were welcomed <strong> at Politecnico di Milano <\/strong> on the 1st of December.<\/p>\n\n\n\n<p class=\"translation-block\">In Aula Magna Pesenti, in the new Architecture Campus where, as highlighted by  <strong> rector <a rel=\"noreferrer noopener\" href=\"https:\/\/www.linkedin.com\/in\/ferruccio-resta\/\" data-id=\"https:\/\/www.linkedin.com\/in\/ferruccio-resta\/\" target=\"_ self\"> Ferruccio Resta <\/a> <\/strong>, University and institutions meet periodically companies and Alumni, the first <strong> <em> JRC Annual Meeting <\/em> <\/strong> was held, a moment of discussion with the University's partners to showcase the results achieved thanks to agreements with companies.\nThe <strong> PNRR guidelines <\/strong> and the need to <strong> invest in research, education and innovation<\/strong>.\nHow?<\/p>\n\n\n\n<p class=\"translation-block\"><strong> \u201cComplexity requires us to create a system<\/strong>\u201d, comments <strong> <a rel=\"noreferrer noopener\"> Daniele Rocchi <\/a>, delegate of rector of Corporate Relations <\/strong>, at the beginning of the event. On stage together with the rector, there was <strong> pro-rector and research delegate <a rel=\"noreferrer noopener\" href=\"https:\/\/www.linkedin.com\/in\/donatellasciuto\/\" data-type=\"URL\" data-id=\"https:\/\/www.linkedin.com\/in\/donatellasciuto\/\" target=\"_ self\"> Donatella Sciuto <\/a> <\/strong>, the Alumnus <strong> <a> Renato Lombardi <\/a> <\/strong> (VP Huawei Italia and R&amp;D Director Huawei Italia), the Alumnus <a> <strong> Renato Mazzoncini <\/strong> <\/a> (CEO of A2A), the Alumnus <strong> <a rel=\"noreferrer noopener\" href=\"https:\/\/www.linkedin.com\/in\/andrea-ruckstuhl-81701188\/\" data-id=\"https:\/\/www.linkedin.com\/in\/andrea-ruckstuhl-81701188\/\" target=\"_self\"> Andrea Ruckstuhl <\/a> <\/strong> (Director EMEA of LENDLEASE), <a rel=\"noreferrer noopener\"> Roberto Tomasi <\/a> <\/strong> <strong>(CEO of Autostrade per l'Italia)<\/strong> and <strong> <a rel=\"noreferrer noopener\" href=\"https:\/\/www.linkedin.com\/in\/francesca-zarri-a3800511\/\" data-type=\"URL\" data-id=\"https:\/\/www.linkedin.com\/in\/francesca-zarri-a3800511\/\" target=\"_ self\"> Francesca Zarri <\/a> <\/strong> <strong>(ENI Director of Technology, R&amp;D &amp; Digital)<\/strong>.<\/p>\n\n\n\n<div style=\"height:30px\" aria-hidden=\"true\" class=\"wp-block-spacer\"><\/div>\n\n\n\n<figure class=\"wp-block-gallery columns-2 is-cropped wp-block-gallery-1 is-layout-flex wp-block-gallery-is-layout-flex\"><ul class=\"blocks-gallery-grid\"><li class=\"blocks-gallery-item\"><figure><img loading=\"lazy\" decoding=\"async\" width=\"1024\" height=\"684\" src=\"http:\/\/alumni.polimi.it\/wp-content\/uploads\/2021\/12\/2021-12-01_7608-1024x684.jpg\" alt=\"\" data-id=\"27100\" data-full-url=\"http:\/\/alumni.polimi.it\/wp-content\/uploads\/2021\/12\/2021-12-01_7608-scaled.jpg\" data-link=\"http:\/\/alumni.polimi.it\/?attachment_id=27100\" class=\"wp-image-27100\" srcset=\"https:\/\/alumni.polimi.it\/wp-content\/uploads\/2021\/12\/2021-12-01_7608-1024x684.jpg 1024w, https:\/\/alumni.polimi.it\/wp-content\/uploads\/2021\/12\/2021-12-01_7608-300x200.jpg 300w, https:\/\/alumni.polimi.it\/wp-content\/uploads\/2021\/12\/2021-12-01_7608-768x513.jpg 768w, https:\/\/alumni.polimi.it\/wp-content\/uploads\/2021\/12\/2021-12-01_7608-1536x1025.jpg 1536w, https:\/\/alumni.polimi.it\/wp-content\/uploads\/2021\/12\/2021-12-01_7608-2048x1367.jpg 2048w\" sizes=\"auto, (max-width: 1024px) 100vw, 1024px\" \/><\/figure><\/li><li class=\"blocks-gallery-item\"><figure><img loading=\"lazy\" decoding=\"async\" width=\"1024\" height=\"684\" src=\"http:\/\/alumni.polimi.it\/wp-content\/uploads\/2021\/12\/2021-12-01_7676-1024x684.jpg\" alt=\"\" data-id=\"27101\" data-full-url=\"http:\/\/alumni.polimi.it\/wp-content\/uploads\/2021\/12\/2021-12-01_7676-scaled.jpg\" data-link=\"http:\/\/alumni.polimi.it\/?attachment_id=27101\" class=\"wp-image-27101\" srcset=\"https:\/\/alumni.polimi.it\/wp-content\/uploads\/2021\/12\/2021-12-01_7676-1024x684.jpg 1024w, https:\/\/alumni.polimi.it\/wp-content\/uploads\/2021\/12\/2021-12-01_7676-300x200.jpg 300w, https:\/\/alumni.polimi.it\/wp-content\/uploads\/2021\/12\/2021-12-01_7676-768x513.jpg 768w, https:\/\/alumni.polimi.it\/wp-content\/uploads\/2021\/12\/2021-12-01_7676-1536x1025.jpg 1536w, https:\/\/alumni.polimi.it\/wp-content\/uploads\/2021\/12\/2021-12-01_7676-2048x1367.jpg 2048w\" sizes=\"auto, (max-width: 1024px) 100vw, 1024px\" \/><\/figure><\/li><li class=\"blocks-gallery-item\"><figure><img loading=\"lazy\" decoding=\"async\" width=\"1024\" height=\"684\" src=\"http:\/\/alumni.polimi.it\/wp-content\/uploads\/2021\/12\/2021-12-01_7678-1024x684.jpg\" alt=\"\" data-id=\"27102\" data-full-url=\"http:\/\/alumni.polimi.it\/wp-content\/uploads\/2021\/12\/2021-12-01_7678-scaled.jpg\" data-link=\"http:\/\/alumni.polimi.it\/?attachment_id=27102\" class=\"wp-image-27102\" srcset=\"https:\/\/alumni.polimi.it\/wp-content\/uploads\/2021\/12\/2021-12-01_7678-1024x684.jpg 1024w, https:\/\/alumni.polimi.it\/wp-content\/uploads\/2021\/12\/2021-12-01_7678-300x200.jpg 300w, https:\/\/alumni.polimi.it\/wp-content\/uploads\/2021\/12\/2021-12-01_7678-768x513.jpg 768w, https:\/\/alumni.polimi.it\/wp-content\/uploads\/2021\/12\/2021-12-01_7678-1536x1025.jpg 1536w, https:\/\/alumni.polimi.it\/wp-content\/uploads\/2021\/12\/2021-12-01_7678-2048x1367.jpg 2048w\" sizes=\"auto, (max-width: 1024px) 100vw, 1024px\" \/><\/figure><\/li><li class=\"blocks-gallery-item\"><figure><img loading=\"lazy\" decoding=\"async\" width=\"1024\" height=\"684\" src=\"http:\/\/alumni.polimi.it\/wp-content\/uploads\/2021\/12\/2021-12-01_7682-1024x684.jpg\" alt=\"\" data-id=\"27103\" data-full-url=\"http:\/\/alumni.polimi.it\/wp-content\/uploads\/2021\/12\/2021-12-01_7682-scaled.jpg\" data-link=\"http:\/\/alumni.polimi.it\/?attachment_id=27103\" class=\"wp-image-27103\" srcset=\"https:\/\/alumni.polimi.it\/wp-content\/uploads\/2021\/12\/2021-12-01_7682-1024x684.jpg 1024w, https:\/\/alumni.polimi.it\/wp-content\/uploads\/2021\/12\/2021-12-01_7682-300x200.jpg 300w, https:\/\/alumni.polimi.it\/wp-content\/uploads\/2021\/12\/2021-12-01_7682-768x513.jpg 768w, https:\/\/alumni.polimi.it\/wp-content\/uploads\/2021\/12\/2021-12-01_7682-1536x1025.jpg 1536w, https:\/\/alumni.polimi.it\/wp-content\/uploads\/2021\/12\/2021-12-01_7682-2048x1367.jpg 2048w\" sizes=\"auto, (max-width: 1024px) 100vw, 1024px\" \/><\/figure><\/li><\/ul><figcaption class=\"blocks-gallery-caption\">Photos by Matteo Bergamini, \u00a9 Lab Immagine Design POLIMI (design, production and management of communication products) Department of DESIGN, Politecnico di Milano - 02-2399.7805 \/ 06 - lab immagine-design@polimi.it<\/figcaption><\/figure>\n\n\n\n<div style=\"height:30px\" aria-hidden=\"true\" class=\"wp-block-spacer\"><\/div>\n\n\n\n<div style=\"height:30px\" aria-hidden=\"true\" class=\"wp-block-spacer\"><\/div>\n\n\n\n<h4 class=\"wp-block-heading\">A BIT OF CONTEXT (AND GLOSSARY)<\/h4>\n\n\n\n<div style=\"height:30px\" aria-hidden=\"true\" class=\"wp-block-spacer\"><\/div>\n\n\n\n<p class=\"translation-block\">\"Politecnico has in its DNA the inclination to <strong> applied research <\/strong> which involves the industrial world: in academic jargon we call it <strong> Third Mission <\/strong> (the first two are teaching and research), it is the ability to <strong> transfer research from laboratories to the social context <\/strong> \u201d, comments Rocchi.<\/p>\n\n\n\n<div style=\"height:30px\" aria-hidden=\"true\" class=\"wp-block-spacer\"><\/div>\n\n\n\n<figure class=\"wp-block-image size-large\"><img loading=\"lazy\" decoding=\"async\" width=\"1024\" height=\"684\" src=\"https:\/\/alumni.polimi.it\/wp-content\/uploads\/2021\/12\/2021-12-01_7447-1024x684.jpg\" alt=\"\" class=\"wp-image-27104\" srcset=\"https:\/\/alumni.polimi.it\/wp-content\/uploads\/2021\/12\/2021-12-01_7447-1024x684.jpg 1024w, https:\/\/alumni.polimi.it\/wp-content\/uploads\/2021\/12\/2021-12-01_7447-300x200.jpg 300w, https:\/\/alumni.polimi.it\/wp-content\/uploads\/2021\/12\/2021-12-01_7447-768x513.jpg 768w, https:\/\/alumni.polimi.it\/wp-content\/uploads\/2021\/12\/2021-12-01_7447-1536x1025.jpg 1536w, https:\/\/alumni.polimi.it\/wp-content\/uploads\/2021\/12\/2021-12-01_7447-2048x1367.jpg 2048w\" sizes=\"auto, (max-width: 1024px) 100vw, 1024px\" \/><figcaption>Photos by Matteo Bergamini, \u00a9 Lab Immagine Design POLIMI (design, production and management of communication products) Department of DESIGN, Politecnico di Milano - 02-2399.7805 \/ 06 - lab immagine-design@polimi.it<\/figcaption><\/figure>\n\n\n\n<div style=\"height:30px\" aria-hidden=\"true\" class=\"wp-block-spacer\"><\/div>\n\n\n\n<p class=\"translation-block\">From the departments, the heart of scientific development, to <strong> technology transfer<\/strong>, Politecnico makes use of various tools such as the Switch2Product ideas competition and the Polihub, one of the best <strong> business accelerators <\/strong> to the world, as well as a series of venture capital initiatives that serve to support the necessary growth in investment volumes.<\/p>\n\n\n\n<p class=\"translation-block\">The objective of these tools is measurable: to increase the TRL (<strong> Technology Readiness Level <\/strong>, an index that measures the maturity of a technology with respect to the market) of polytechnic inventions and more, since these are initiatives involving start-ups and entrepreneurship from all over the territory.<\/p>\n\n\n\n<p class=\"translation-block\">Among the various models of collaboration with businesses, the <a rel=\"noreferrer noopener\"> <strong> Joint Research Center <\/strong> <\/a>, strategic partnerships with immediate repercussions both in terms of research and training (in particular with the support for <strong> PhDs <\/strong> and young researchers).<\/p>\n\n\n\n<div style=\"height:30px\" aria-hidden=\"true\" class=\"wp-block-spacer\"><\/div>\n\n\n\n<figure class=\"wp-block-gallery columns-2 is-cropped wp-block-gallery-2 is-layout-flex wp-block-gallery-is-layout-flex\"><ul class=\"blocks-gallery-grid\"><li class=\"blocks-gallery-item\"><figure><img loading=\"lazy\" decoding=\"async\" width=\"1024\" height=\"684\" src=\"http:\/\/alumni.polimi.it\/wp-content\/uploads\/2021\/12\/2021-12-01_7398-1024x684.jpg\" alt=\"\" data-id=\"27107\" data-full-url=\"http:\/\/alumni.polimi.it\/wp-content\/uploads\/2021\/12\/2021-12-01_7398-scaled.jpg\" data-link=\"http:\/\/alumni.polimi.it\/?attachment_id=27107\" class=\"wp-image-27107\" srcset=\"https:\/\/alumni.polimi.it\/wp-content\/uploads\/2021\/12\/2021-12-01_7398-1024x684.jpg 1024w, https:\/\/alumni.polimi.it\/wp-content\/uploads\/2021\/12\/2021-12-01_7398-300x200.jpg 300w, https:\/\/alumni.polimi.it\/wp-content\/uploads\/2021\/12\/2021-12-01_7398-768x513.jpg 768w, https:\/\/alumni.polimi.it\/wp-content\/uploads\/2021\/12\/2021-12-01_7398-1536x1025.jpg 1536w, https:\/\/alumni.polimi.it\/wp-content\/uploads\/2021\/12\/2021-12-01_7398-2048x1367.jpg 2048w\" sizes=\"auto, (max-width: 1024px) 100vw, 1024px\" \/><\/figure><\/li><li class=\"blocks-gallery-item\"><figure><img loading=\"lazy\" decoding=\"async\" width=\"1024\" height=\"684\" src=\"http:\/\/alumni.polimi.it\/wp-content\/uploads\/2021\/12\/2021-12-01_7569-1024x684.jpg\" alt=\"\" data-id=\"27108\" data-full-url=\"http:\/\/alumni.polimi.it\/wp-content\/uploads\/2021\/12\/2021-12-01_7569-scaled.jpg\" data-link=\"http:\/\/alumni.polimi.it\/?attachment_id=27108\" class=\"wp-image-27108\" srcset=\"https:\/\/alumni.polimi.it\/wp-content\/uploads\/2021\/12\/2021-12-01_7569-1024x684.jpg 1024w, https:\/\/alumni.polimi.it\/wp-content\/uploads\/2021\/12\/2021-12-01_7569-300x200.jpg 300w, https:\/\/alumni.polimi.it\/wp-content\/uploads\/2021\/12\/2021-12-01_7569-768x513.jpg 768w, https:\/\/alumni.polimi.it\/wp-content\/uploads\/2021\/12\/2021-12-01_7569-1536x1025.jpg 1536w, https:\/\/alumni.polimi.it\/wp-content\/uploads\/2021\/12\/2021-12-01_7569-2048x1367.jpg 2048w\" sizes=\"auto, (max-width: 1024px) 100vw, 1024px\" \/><\/figure><\/li><li class=\"blocks-gallery-item\"><figure><img loading=\"lazy\" decoding=\"async\" width=\"1024\" height=\"684\" src=\"http:\/\/alumni.polimi.it\/wp-content\/uploads\/2021\/12\/2021-12-01_7757-1024x684.jpg\" alt=\"\" data-id=\"27109\" data-full-url=\"http:\/\/alumni.polimi.it\/wp-content\/uploads\/2021\/12\/2021-12-01_7757-scaled.jpg\" data-link=\"http:\/\/alumni.polimi.it\/?attachment_id=27109\" class=\"wp-image-27109\" srcset=\"https:\/\/alumni.polimi.it\/wp-content\/uploads\/2021\/12\/2021-12-01_7757-1024x684.jpg 1024w, https:\/\/alumni.polimi.it\/wp-content\/uploads\/2021\/12\/2021-12-01_7757-300x200.jpg 300w, https:\/\/alumni.polimi.it\/wp-content\/uploads\/2021\/12\/2021-12-01_7757-768x513.jpg 768w, https:\/\/alumni.polimi.it\/wp-content\/uploads\/2021\/12\/2021-12-01_7757-1536x1025.jpg 1536w, https:\/\/alumni.polimi.it\/wp-content\/uploads\/2021\/12\/2021-12-01_7757-2048x1367.jpg 2048w\" sizes=\"auto, (max-width: 1024px) 100vw, 1024px\" \/><\/figure><\/li><li class=\"blocks-gallery-item\"><figure><img loading=\"lazy\" decoding=\"async\" width=\"1024\" height=\"684\" src=\"http:\/\/alumni.polimi.it\/wp-content\/uploads\/2021\/12\/2021-12-01_7637-1024x684.jpg\" alt=\"\" data-id=\"27114\" data-full-url=\"http:\/\/alumni.polimi.it\/wp-content\/uploads\/2021\/12\/2021-12-01_7637-scaled.jpg\" data-link=\"http:\/\/alumni.polimi.it\/?attachment_id=27114\" class=\"wp-image-27114\" srcset=\"https:\/\/alumni.polimi.it\/wp-content\/uploads\/2021\/12\/2021-12-01_7637-1024x684.jpg 1024w, https:\/\/alumni.polimi.it\/wp-content\/uploads\/2021\/12\/2021-12-01_7637-300x200.jpg 300w, https:\/\/alumni.polimi.it\/wp-content\/uploads\/2021\/12\/2021-12-01_7637-768x513.jpg 768w, https:\/\/alumni.polimi.it\/wp-content\/uploads\/2021\/12\/2021-12-01_7637-1536x1025.jpg 1536w, https:\/\/alumni.polimi.it\/wp-content\/uploads\/2021\/12\/2021-12-01_7637-2048x1367.jpg 2048w\" sizes=\"auto, (max-width: 1024px) 100vw, 1024px\" \/><\/figure><\/li><\/ul><figcaption class=\"blocks-gallery-caption\">Photos by Matteo Bergamini, \u00a9 Lab Immagine Design POLIMI (design, production and management of communication products) Department of DESIGN, Politecnico di Milano - 02-2399.7805 \/ 06 - lab immagine-design@polimi.it<\/figcaption><\/figure>\n\n\n\n<div style=\"height:30px\" aria-hidden=\"true\" class=\"wp-block-spacer\"><\/div>\n\n\n\n<h4 class=\"wp-block-heading\">A ROADMAP FOR THE PNRR<\/h4>\n\n\n\n<div style=\"height:30px\" aria-hidden=\"true\" class=\"wp-block-spacer\"><\/div>\n\n\n\n<p class=\"translation-block\">\u201c<strong>Between now and the next 3 months the first match of the PNRR will be played, for 6 billion euros <\/strong>\u201d, comments the rector Ferruccio Resta. \"The first guidelines issued by the Government for Measure 4, the one intended for universities, pay <strong> particular attention to the university-business relationship<\/strong>. They indicate concrete tools for approaching civil society and the world of production in <strong> a supply chain perspective <\/strong> through the creation of public-private partnerships on cross-cutting issues; the establishment of national centers dedicated to key technologies; the strengthening of ecosystems for the development of territories and greater integration between research and innovation infrastructures to increase competitiveness on a national and European scale. <strong> A decisive step of openness and extended collaboration that our university has been pursuing for some time<\/strong>.\"<\/p>\n\n\n\n<div style=\"height:30px\" aria-hidden=\"true\" class=\"wp-block-spacer\"><\/div>\n\n\n\n<figure class=\"wp-block-image size-large\"><img loading=\"lazy\" decoding=\"async\" width=\"1024\" height=\"684\" src=\"http:\/\/alumni.polimi.it\/wp-content\/uploads\/2021\/12\/2021-12-01_7470-1024x684.jpg\" alt=\"\" class=\"wp-image-27098\" srcset=\"https:\/\/alumni.polimi.it\/wp-content\/uploads\/2021\/12\/2021-12-01_7470-1024x684.jpg 1024w, https:\/\/alumni.polimi.it\/wp-content\/uploads\/2021\/12\/2021-12-01_7470-300x200.jpg 300w, https:\/\/alumni.polimi.it\/wp-content\/uploads\/2021\/12\/2021-12-01_7470-768x513.jpg 768w, https:\/\/alumni.polimi.it\/wp-content\/uploads\/2021\/12\/2021-12-01_7470-1536x1025.jpg 1536w, https:\/\/alumni.polimi.it\/wp-content\/uploads\/2021\/12\/2021-12-01_7470-2048x1367.jpg 2048w\" sizes=\"auto, (max-width: 1024px) 100vw, 1024px\" \/><figcaption>Photos by Matteo Bergamini, \u00a9 Lab Immagine Design POLIMI (design, production and management of communication products) Department of DESIGN, Politecnico di Milano - 02-2399.7805 \/ 06 - lab immagine-design@polimi.it<\/figcaption><\/figure>\n\n\n\n<div style=\"height:30px\" aria-hidden=\"true\" class=\"wp-block-spacer\"><\/div>\n\n\n\n<p class=\"translation-block\">To date, in fact, <strong> 185 research agreements between companies and Politecnico are active, for a compressive value of 150 million euros per year <\/strong>. A tradition for the University, which with the meeting on 1 December wanted to share with the territory: in essence, to open the works to create <strong> a consortium of universities and companies that allow them to intercept resources and investments <\/strong> expected in the coming months, with a shared, multidisciplinary and multi-stakeholder approach. Resta looks to the future of the country: \"The goal is to go beyond the PNRR and ensure that this contribution creates lasting value for the system, even beyond 2026\".<\/p>\n\n\n\n<div style=\"height:30px\" aria-hidden=\"true\" class=\"wp-block-spacer\"><\/div>\n\n\n\n<h6 class=\"wp-block-heading\">MORE ON THE TOPIC: <a href=\"https:\/\/alumni.polimi.it\/en\/2021\/11\/15\/investire-in-ricerca-e-innovazione-cosa-ne-pensano-i-politecnici\/\">\"Investing in research and innovation: the opinions of Politecnico di Milano during the 10th edition of the Convention Alumni Politecnico di Milano\"<\/a><\/h6>\n\n\n\n<div style=\"height:107px\" aria-hidden=\"true\" class=\"wp-block-spacer\"><\/div>\n\n\n\n<p><\/p>","protected":false},"excerpt":{"rendered":"<p>Sfide tecnologiche sempre pi\u00f9 complesse e in evoluzione sempre pi\u00f9 rapida, questo il quadro descritto dai vertici di Ateneo alle 62 aziende che si sono incontrate il 1\u00b0 dicembre al [&hellip;]<\/p>\n","protected":false},"author":29,"featured_media":27112,"comment_status":"closed","ping_status":"open","sticky":false,"template":"","format":"standard","meta":{"_acf_changed":false,"footnotes":""},"categories":[5],"tags":[],"class_list":["post-27090","post","type-post","status-publish","format-standard","has-post-thumbnail","hentry","category-cat_rettorato"],"acf":[],"yoast_head":"<!-- This site is optimized with the Yoast SEO plugin v27.4 - https:\/\/yoast.com\/product\/yoast-seo-wordpress\/ -->\n<title>PNRR, serve una cordata universit\u00e0-imprese per vincere le prossime sfide - Alumni<\/title>\n<meta name=\"robots\" content=\"index, follow, max-snippet:-1, max-image-preview:large, max-video-preview:-1\" \/>\n<link rel=\"canonical\" href=\"https:\/\/alumni.polimi.it\/en\/2021\/12\/03\/jrc-annual-meeting-pnrr-serve-una-cordata-universita-imprese\/\" \/>\n<meta property=\"og:locale\" content=\"en_US\" \/>\n<meta property=\"og:type\" content=\"article\" \/>\n<meta property=\"og:title\" content=\"PNRR, serve una cordata universit\u00e0-imprese per vincere le prossime sfide - Alumni\" \/>\n<meta property=\"og:description\" content=\"Sfide tecnologiche sempre pi\u00f9 complesse e in evoluzione sempre pi\u00f9 rapida, questo il quadro descritto dai vertici di Ateneo alle 62 aziende che si sono incontrate il 1\u00b0 dicembre al [&hellip;]\" \/>\n<meta property=\"og:url\" content=\"https:\/\/alumni.polimi.it\/en\/2021\/12\/03\/jrc-annual-meeting-pnrr-serve-una-cordata-universita-imprese\/\" \/>\n<meta property=\"og:site_name\" content=\"Alumni\" \/>\n<meta property=\"article:publisher\" content=\"https:\/\/www.facebook.com\/AlumniPolimi\/\" \/>\n<meta property=\"article:published_time\" content=\"2021-12-03T09:58:45+00:00\" \/>\n<meta property=\"article:modified_time\" content=\"2022-11-17T16:33:37+00:00\" \/>\n<meta property=\"og:image\" content=\"http:\/\/alumni.polimi.it\/wp-content\/uploads\/2021\/12\/Home-bassa-1800-X-1560-3.jpg\" \/>\n\t<meta property=\"og:image:width\" content=\"1800\" \/>\n\t<meta property=\"og:image:height\" content=\"1560\" \/>\n\t<meta property=\"og:image:type\" content=\"image\/jpeg\" \/>\n<meta name=\"author\" content=\"admin\" \/>\n<meta name=\"twitter:card\" content=\"summary_large_image\" \/>\n<meta name=\"twitter:label1\" content=\"Written by\" \/>\n\t<meta name=\"twitter:data1\" content=\"admin\" \/>\n\t<meta name=\"twitter:label2\" content=\"Est. reading time\" \/>\n\t<meta name=\"twitter:data2\" content=\"4 minutes\" \/>\n<script type=\"application\/ld+json\" class=\"yoast-schema-graph\">{\"@context\":\"https:\\\/\\\/schema.org\",\"@graph\":[{\"@type\":\"Article\",\"@id\":\"https:\\\/\\\/alumni.polimi.it\\\/2021\\\/12\\\/03\\\/jrc-annual-meeting-pnrr-serve-una-cordata-universita-imprese\\\/#article\",\"isPartOf\":{\"@id\":\"https:\\\/\\\/alumni.polimi.it\\\/2021\\\/12\\\/03\\\/jrc-annual-meeting-pnrr-serve-una-cordata-universita-imprese\\\/\"},\"author\":{\"name\":\"admin\",\"@id\":\"https:\\\/\\\/alumni.polimi.it\\\/#\\\/schema\\\/person\\\/ad861bbe4e9151a1e36776ad0690b95f\"},\"headline\":\"PNRR, serve una cordata universit\u00e0-imprese per vincere le prossime sfide\",\"datePublished\":\"2021-12-03T09:58:45+00:00\",\"dateModified\":\"2022-11-17T16:33:37+00:00\",\"mainEntityOfPage\":{\"@id\":\"https:\\\/\\\/alumni.polimi.it\\\/2021\\\/12\\\/03\\\/jrc-annual-meeting-pnrr-serve-una-cordata-universita-imprese\\\/\"},\"wordCount\":760,\"publisher\":{\"@id\":\"https:\\\/\\\/alumni.polimi.it\\\/#organization\"},\"image\":{\"@id\":\"https:\\\/\\\/alumni.polimi.it\\\/2021\\\/12\\\/03\\\/jrc-annual-meeting-pnrr-serve-una-cordata-universita-imprese\\\/#primaryimage\"},\"thumbnailUrl\":\"https:\\\/\\\/alumni.polimi.it\\\/wp-content\\\/uploads\\\/2021\\\/12\\\/Home-bassa-1800-X-1560-3.jpg\",\"articleSection\":[\"DAL RETTORATO\"],\"inLanguage\":\"en-US\"},{\"@type\":\"WebPage\",\"@id\":\"https:\\\/\\\/alumni.polimi.it\\\/2021\\\/12\\\/03\\\/jrc-annual-meeting-pnrr-serve-una-cordata-universita-imprese\\\/\",\"url\":\"https:\\\/\\\/alumni.polimi.it\\\/2021\\\/12\\\/03\\\/jrc-annual-meeting-pnrr-serve-una-cordata-universita-imprese\\\/\",\"name\":\"PNRR, serve una cordata universit\u00e0-imprese per vincere le prossime sfide - Alumni\",\"isPartOf\":{\"@id\":\"https:\\\/\\\/alumni.polimi.it\\\/#website\"},\"primaryImageOfPage\":{\"@id\":\"https:\\\/\\\/alumni.polimi.it\\\/2021\\\/12\\\/03\\\/jrc-annual-meeting-pnrr-serve-una-cordata-universita-imprese\\\/#primaryimage\"},\"image\":{\"@id\":\"https:\\\/\\\/alumni.polimi.it\\\/2021\\\/12\\\/03\\\/jrc-annual-meeting-pnrr-serve-una-cordata-universita-imprese\\\/#primaryimage\"},\"thumbnailUrl\":\"https:\\\/\\\/alumni.polimi.it\\\/wp-content\\\/uploads\\\/2021\\\/12\\\/Home-bassa-1800-X-1560-3.jpg\",\"datePublished\":\"2021-12-03T09:58:45+00:00\",\"dateModified\":\"2022-11-17T16:33:37+00:00\",\"breadcrumb\":{\"@id\":\"https:\\\/\\\/alumni.polimi.it\\\/2021\\\/12\\\/03\\\/jrc-annual-meeting-pnrr-serve-una-cordata-universita-imprese\\\/#breadcrumb\"},\"inLanguage\":\"en-US\",\"potentialAction\":[{\"@type\":\"ReadAction\",\"target\":[\"https:\\\/\\\/alumni.polimi.it\\\/2021\\\/12\\\/03\\\/jrc-annual-meeting-pnrr-serve-una-cordata-universita-imprese\\\/\"]}]},{\"@type\":\"ImageObject\",\"inLanguage\":\"en-US\",\"@id\":\"https:\\\/\\\/alumni.polimi.it\\\/2021\\\/12\\\/03\\\/jrc-annual-meeting-pnrr-serve-una-cordata-universita-imprese\\\/#primaryimage\",\"url\":\"https:\\\/\\\/alumni.polimi.it\\\/wp-content\\\/uploads\\\/2021\\\/12\\\/Home-bassa-1800-X-1560-3.jpg\",\"contentUrl\":\"https:\\\/\\\/alumni.polimi.it\\\/wp-content\\\/uploads\\\/2021\\\/12\\\/Home-bassa-1800-X-1560-3.jpg\",\"width\":1800,\"height\":1560,\"caption\":\"jrc home\"},{\"@type\":\"BreadcrumbList\",\"@id\":\"https:\\\/\\\/alumni.polimi.it\\\/2021\\\/12\\\/03\\\/jrc-annual-meeting-pnrr-serve-una-cordata-universita-imprese\\\/#breadcrumb\",\"itemListElement\":[{\"@type\":\"ListItem\",\"position\":1,\"name\":\"Home\",\"item\":\"https:\\\/\\\/alumni.polimi.it\\\/\"},{\"@type\":\"ListItem\",\"position\":2,\"name\":\"PNRR, serve una cordata universit\u00e0-imprese per vincere le prossime sfide\"}]},{\"@type\":\"WebSite\",\"@id\":\"https:\\\/\\\/alumni.polimi.it\\\/#website\",\"url\":\"https:\\\/\\\/alumni.polimi.it\\\/\",\"name\":\"Alumni\",\"description\":\"Politecnico di Milano\",\"publisher\":{\"@id\":\"https:\\\/\\\/alumni.polimi.it\\\/#organization\"},\"potentialAction\":[{\"@type\":\"SearchAction\",\"target\":{\"@type\":\"EntryPoint\",\"urlTemplate\":\"https:\\\/\\\/alumni.polimi.it\\\/?s={search_term_string}\"},\"query-input\":{\"@type\":\"PropertyValueSpecification\",\"valueRequired\":true,\"valueName\":\"search_term_string\"}}],\"inLanguage\":\"en-US\"},{\"@type\":\"Organization\",\"@id\":\"https:\\\/\\\/alumni.polimi.it\\\/#organization\",\"name\":\"Alumni Polimi Association\",\"url\":\"https:\\\/\\\/alumni.polimi.it\\\/\",\"logo\":{\"@type\":\"ImageObject\",\"inLanguage\":\"en-US\",\"@id\":\"https:\\\/\\\/alumni.polimi.it\\\/#\\\/schema\\\/logo\\\/image\\\/\",\"url\":\"https:\\\/\\\/alumni.polimi.it\\\/wp-content\\\/uploads\\\/Alumni.jpg\",\"contentUrl\":\"https:\\\/\\\/alumni.polimi.it\\\/wp-content\\\/uploads\\\/Alumni.jpg\",\"width\":1000,\"height\":267,\"caption\":\"Alumni Polimi Association\"},\"image\":{\"@id\":\"https:\\\/\\\/alumni.polimi.it\\\/#\\\/schema\\\/logo\\\/image\\\/\"},\"sameAs\":[\"https:\\\/\\\/www.facebook.com\\\/AlumniPolimi\\\/\",\"https:\\\/\\\/www.linkedin.com\\\/company\\\/alumni-politecnico-di-milano\\\/\"]},{\"@type\":\"Person\",\"@id\":\"https:\\\/\\\/alumni.polimi.it\\\/#\\\/schema\\\/person\\\/ad861bbe4e9151a1e36776ad0690b95f\",\"name\":\"admin\",\"image\":{\"@type\":\"ImageObject\",\"inLanguage\":\"en-US\",\"@id\":\"https:\\\/\\\/secure.gravatar.com\\\/avatar\\\/178b92607435216fe5ceb1d5478e4a76a899165c4fa31ae02b138ccfaf43ba0b?s=96&d=mm&r=g\",\"url\":\"https:\\\/\\\/secure.gravatar.com\\\/avatar\\\/178b92607435216fe5ceb1d5478e4a76a899165c4fa31ae02b138ccfaf43ba0b?s=96&d=mm&r=g\",\"contentUrl\":\"https:\\\/\\\/secure.gravatar.com\\\/avatar\\\/178b92607435216fe5ceb1d5478e4a76a899165c4fa31ae02b138ccfaf43ba0b?s=96&d=mm&r=g\",\"caption\":\"admin\"},\"url\":\"https:\\\/\\\/alumni.polimi.it\\\/en\\\/author\\\/admin\\\/\"}]}<\/script>\n<!-- \/ Yoast SEO plugin. -->","yoast_head_json":{"title":"PNRR, serve una cordata universit\u00e0-imprese per vincere le prossime sfide - Alumni","robots":{"index":"index","follow":"follow","max-snippet":"max-snippet:-1","max-image-preview":"max-image-preview:large","max-video-preview":"max-video-preview:-1"},"canonical":"https:\/\/alumni.polimi.it\/en\/2021\/12\/03\/jrc-annual-meeting-pnrr-serve-una-cordata-universita-imprese\/","og_locale":"en_US","og_type":"article","og_title":"PNRR, serve una cordata universit\u00e0-imprese per vincere le prossime sfide - Alumni","og_description":"Sfide tecnologiche sempre pi\u00f9 complesse e in evoluzione sempre pi\u00f9 rapida, questo il quadro descritto dai vertici di Ateneo alle 62 aziende che si sono incontrate il 1\u00b0 dicembre al [&hellip;]","og_url":"https:\/\/alumni.polimi.it\/en\/2021\/12\/03\/jrc-annual-meeting-pnrr-serve-una-cordata-universita-imprese\/","og_site_name":"Alumni","article_publisher":"https:\/\/www.facebook.com\/AlumniPolimi\/","article_published_time":"2021-12-03T09:58:45+00:00","article_modified_time":"2022-11-17T16:33:37+00:00","og_image":[{"width":1800,"height":1560,"url":"http:\/\/alumni.polimi.it\/wp-content\/uploads\/2021\/12\/Home-bassa-1800-X-1560-3.jpg","type":"image\/jpeg"}],"author":"admin","twitter_card":"summary_large_image","twitter_misc":{"Written by":"admin","Est. reading time":"4 minutes"},"schema":{"@context":"https:\/\/schema.org","@graph":[{"@type":"Article","@id":"https:\/\/alumni.polimi.it\/2021\/12\/03\/jrc-annual-meeting-pnrr-serve-una-cordata-universita-imprese\/#article","isPartOf":{"@id":"https:\/\/alumni.polimi.it\/2021\/12\/03\/jrc-annual-meeting-pnrr-serve-una-cordata-universita-imprese\/"},"author":{"name":"admin","@id":"https:\/\/alumni.polimi.it\/#\/schema\/person\/ad861bbe4e9151a1e36776ad0690b95f"},"headline":"PNRR, serve una cordata universit\u00e0-imprese per vincere le prossime sfide","datePublished":"2021-12-03T09:58:45+00:00","dateModified":"2022-11-17T16:33:37+00:00","mainEntityOfPage":{"@id":"https:\/\/alumni.polimi.it\/2021\/12\/03\/jrc-annual-meeting-pnrr-serve-una-cordata-universita-imprese\/"},"wordCount":760,"publisher":{"@id":"https:\/\/alumni.polimi.it\/#organization"},"image":{"@id":"https:\/\/alumni.polimi.it\/2021\/12\/03\/jrc-annual-meeting-pnrr-serve-una-cordata-universita-imprese\/#primaryimage"},"thumbnailUrl":"https:\/\/alumni.polimi.it\/wp-content\/uploads\/2021\/12\/Home-bassa-1800-X-1560-3.jpg","articleSection":["DAL RETTORATO"],"inLanguage":"en-US"},{"@type":"WebPage","@id":"https:\/\/alumni.polimi.it\/2021\/12\/03\/jrc-annual-meeting-pnrr-serve-una-cordata-universita-imprese\/","url":"https:\/\/alumni.polimi.it\/2021\/12\/03\/jrc-annual-meeting-pnrr-serve-una-cordata-universita-imprese\/","name":"PNRR, serve una cordata universit\u00e0-imprese per vincere le prossime sfide - Alumni","isPartOf":{"@id":"https:\/\/alumni.polimi.it\/#website"},"primaryImageOfPage":{"@id":"https:\/\/alumni.polimi.it\/2021\/12\/03\/jrc-annual-meeting-pnrr-serve-una-cordata-universita-imprese\/#primaryimage"},"image":{"@id":"https:\/\/alumni.polimi.it\/2021\/12\/03\/jrc-annual-meeting-pnrr-serve-una-cordata-universita-imprese\/#primaryimage"},"thumbnailUrl":"https:\/\/alumni.polimi.it\/wp-content\/uploads\/2021\/12\/Home-bassa-1800-X-1560-3.jpg","datePublished":"2021-12-03T09:58:45+00:00","dateModified":"2022-11-17T16:33:37+00:00","breadcrumb":{"@id":"https:\/\/alumni.polimi.it\/2021\/12\/03\/jrc-annual-meeting-pnrr-serve-una-cordata-universita-imprese\/#breadcrumb"},"inLanguage":"en-US","potentialAction":[{"@type":"ReadAction","target":["https:\/\/alumni.polimi.it\/2021\/12\/03\/jrc-annual-meeting-pnrr-serve-una-cordata-universita-imprese\/"]}]},{"@type":"ImageObject","inLanguage":"en-US","@id":"https:\/\/alumni.polimi.it\/2021\/12\/03\/jrc-annual-meeting-pnrr-serve-una-cordata-universita-imprese\/#primaryimage","url":"https:\/\/alumni.polimi.it\/wp-content\/uploads\/2021\/12\/Home-bassa-1800-X-1560-3.jpg","contentUrl":"https:\/\/alumni.polimi.it\/wp-content\/uploads\/2021\/12\/Home-bassa-1800-X-1560-3.jpg","width":1800,"height":1560,"caption":"jrc home"},{"@type":"BreadcrumbList","@id":"https:\/\/alumni.polimi.it\/2021\/12\/03\/jrc-annual-meeting-pnrr-serve-una-cordata-universita-imprese\/#breadcrumb","itemListElement":[{"@type":"ListItem","position":1,"name":"Home","item":"https:\/\/alumni.polimi.it\/"},{"@type":"ListItem","position":2,"name":"PNRR, serve una cordata universit\u00e0-imprese per vincere le prossime sfide"}]},{"@type":"WebSite","@id":"https:\/\/alumni.polimi.it\/#website","url":"https:\/\/alumni.polimi.it\/","name":"Alumni","description":"Politecnico di Milano","publisher":{"@id":"https:\/\/alumni.polimi.it\/#organization"},"potentialAction":[{"@type":"SearchAction","target":{"@type":"EntryPoint","urlTemplate":"https:\/\/alumni.polimi.it\/?s={search_term_string}"},"query-input":{"@type":"PropertyValueSpecification","valueRequired":true,"valueName":"search_term_string"}}],"inLanguage":"en-US"},{"@type":"Organization","@id":"https:\/\/alumni.polimi.it\/#organization","name":"Alumni Polimi Association","url":"https:\/\/alumni.polimi.it\/","logo":{"@type":"ImageObject","inLanguage":"en-US","@id":"https:\/\/alumni.polimi.it\/#\/schema\/logo\/image\/","url":"https:\/\/alumni.polimi.it\/wp-content\/uploads\/Alumni.jpg","contentUrl":"https:\/\/alumni.polimi.it\/wp-content\/uploads\/Alumni.jpg","width":1000,"height":267,"caption":"Alumni Polimi Association"},"image":{"@id":"https:\/\/alumni.polimi.it\/#\/schema\/logo\/image\/"},"sameAs":["https:\/\/www.facebook.com\/AlumniPolimi\/","https:\/\/www.linkedin.com\/company\/alumni-politecnico-di-milano\/"]},{"@type":"Person","@id":"https:\/\/alumni.polimi.it\/#\/schema\/person\/ad861bbe4e9151a1e36776ad0690b95f","name":"admin","image":{"@type":"ImageObject","inLanguage":"en-US","@id":"https:\/\/secure.gravatar.com\/avatar\/178b92607435216fe5ceb1d5478e4a76a899165c4fa31ae02b138ccfaf43ba0b?s=96&d=mm&r=g","url":"https:\/\/secure.gravatar.com\/avatar\/178b92607435216fe5ceb1d5478e4a76a899165c4fa31ae02b138ccfaf43ba0b?s=96&d=mm&r=g","contentUrl":"https:\/\/secure.gravatar.com\/avatar\/178b92607435216fe5ceb1d5478e4a76a899165c4fa31ae02b138ccfaf43ba0b?s=96&d=mm&r=g","caption":"admin"},"url":"https:\/\/alumni.polimi.it\/en\/author\/admin\/"}]}},"_links":{"self":[{"href":"https:\/\/alumni.polimi.it\/en\/wp-json\/wp\/v2\/posts\/27090","targetHints":{"allow":["GET"]}}],"collection":[{"href":"https:\/\/alumni.polimi.it\/en\/wp-json\/wp\/v2\/posts"}],"about":[{"href":"https:\/\/alumni.polimi.it\/en\/wp-json\/wp\/v2\/types\/post"}],"author":[{"embeddable":true,"href":"https:\/\/alumni.polimi.it\/en\/wp-json\/wp\/v2\/users\/29"}],"replies":[{"embeddable":true,"href":"https:\/\/alumni.polimi.it\/en\/wp-json\/wp\/v2\/comments?post=27090"}],"version-history":[{"count":19,"href":"https:\/\/alumni.polimi.it\/en\/wp-json\/wp\/v2\/posts\/27090\/revisions"}],"predecessor-version":[{"id":27136,"href":"https:\/\/alumni.polimi.it\/en\/wp-json\/wp\/v2\/posts\/27090\/revisions\/27136"}],"wp:featuredmedia":[{"embeddable":true,"href":"https:\/\/alumni.polimi.it\/en\/wp-json\/wp\/v2\/media\/27112"}],"wp:attachment":[{"href":"https:\/\/alumni.polimi.it\/en\/wp-json\/wp\/v2\/media?parent=27090"}],"wp:term":[{"taxonomy":"category","embeddable":true,"href":"https:\/\/alumni.polimi.it\/en\/wp-json\/wp\/v2\/categories?post=27090"},{"taxonomy":"post_tag","embeddable":true,"href":"https:\/\/alumni.polimi.it\/en\/wp-json\/wp\/v2\/tags?post=27090"}],"curies":[{"name":"wp","href":"https:\/\/api.w.org\/{rel}","templated":true}]}}