{"id":24482,"date":"2021-06-25T11:32:06","date_gmt":"2021-06-25T09:32:06","guid":{"rendered":"http:\/\/alumni.polimi.it\/?p=24482"},"modified":"2022-11-23T09:51:56","modified_gmt":"2022-11-23T08:51:56","slug":"les-plans-de-relance-en-france-en-italie","status":"publish","type":"post","link":"https:\/\/alumni.polimi.it\/en\/2021\/06\/25\/les-plans-de-relance-en-france-en-italie\/","title":{"rendered":"LES PLANS DE RELANCE EN FRANCE EN ITALIE"},"content":{"rendered":"<p class=\"has-text-align-center has-medium-font-size\"><strong>Quelle opportunit\u00e9 pour une renaissance europ\u00e9enne&nbsp;?<\/strong><\/p>\n\n\n\n<p class=\"has-text-align-center\"><em>webinaire du mercredi 16 juin 2021<\/em><\/p>\n\n\n\n<p>Organis\u00e9e par les associations <strong>AlumniPolimi Parigi<\/strong>, le <strong>Circolo Franco-italiano<\/strong> et la <strong>Section Italie des Alumni Sciences Po<\/strong>, la conf\u00e9rence a \u00e9t\u00e9 consacr\u00e9e \u00e0 la pr\u00e9sentation du <strong>Plan de relance europ\u00e9en et ses&nbsp;d\u00e9clinaisons&nbsp;en France et en Italie <\/strong>afin de mieux comprendre les opportunit\u00e9s qu\u2019ils offrent aux entreprises fran\u00e7aises et italiennes.<\/p>\n\n\n\n<p>A cette occasion, nous avons eu le plaisir de recevoir&nbsp;<strong>:<\/strong><\/p>\n\n\n\n<ul class=\"wp-block-list\"><li><strong>Denis Delespaul<\/strong>, Pr\u00e9sident de la Chambre de Commerce France Italie<\/li><li><strong>Carole Labb\u00e9,&nbsp;<\/strong>Attach\u00e9e&nbsp;\u00e9conomique &#8211;&nbsp;Semestre europ\u00e9en et Europe 2020, Repr\u00e9sentation de la&nbsp;Commission Europ\u00e9enne \u00e0 Paris<\/li><li><strong>Fabrizio Pagani,<\/strong>&nbsp;Professeur \u00e0 Sciences Po et Economiste Muzinich &amp; Co<\/li><\/ul>\n\n\n\n<p>Le d\u00e9bat a \u00e9t\u00e9 anim\u00e9 par&nbsp;<strong>Didier Sall\u00e9<\/strong>, CEO d\u2019EURALIA et membre du bureau du Cercle Franco-Italien des Alumni Sciences Po.<\/p>\n\n\n\n<p>A l&#8217;\u00e9v\u00e8nement a particip\u00e9 Mme<strong> Irene Castagnoli<\/strong>, Consule G\u00e9n\u00e9rale d&#8217;Italie \u00e0 Paris, qui nous a fait l&#8217;honneur d&#8217;ouvrir les \u00e9changes.<\/p>\n\n\n\n<p>Le replay est disponible <a href=\"https:\/\/drive.google.com\/file\/d\/1oe18cpFKn4Z5JdU92s00s4UkiDvx0wED\/view?usp=sharing\">via ce lien<\/a><\/p>\n\n\n\n<figure class=\"wp-block-image size-large is-resized\"><img loading=\"lazy\" decoding=\"async\" src=\"https:\/\/alumni.polimi.it\/wp-content\/uploads\/2021\/06\/Recovery_1cHD_Weez-1.png\" alt=\"\" class=\"wp-image-24496\" width=\"870\" height=\"384\" srcset=\"https:\/\/alumni.polimi.it\/wp-content\/uploads\/2021\/06\/Recovery_1cHD_Weez-1.png 905w, https:\/\/alumni.polimi.it\/wp-content\/uploads\/2021\/06\/Recovery_1cHD_Weez-1-300x133.png 300w, https:\/\/alumni.polimi.it\/wp-content\/uploads\/2021\/06\/Recovery_1cHD_Weez-1-768x339.png 768w\" sizes=\"auto, (max-width: 870px) 100vw, 870px\" \/><\/figure>\n\n\n\n<p><\/p>\n\n\n\n<p><\/p>","protected":false},"excerpt":{"rendered":"<p>Quelle opportunit\u00e9 pour une renaissance europ\u00e9enne&nbsp;? webinaire du mercredi 16 juin 2021 Organis\u00e9e par les associations AlumniPolimi Parigi, le Circolo Franco-italiano et la Section Italie des Alumni Sciences Po, la [&hellip;]<\/p>\n","protected":false},"author":39,"featured_media":0,"comment_status":"closed","ping_status":"open","sticky":false,"template":"","format":"standard","meta":{"_acf_changed":false,"footnotes":""},"categories":[18],"tags":[],"class_list":["post-24482","post","type-post","status-publish","format-standard","hentry","category-chapter-parigi"],"acf":[],"yoast_head":"<!-- This site is optimized with the Yoast SEO plugin v27.4 - https:\/\/yoast.com\/product\/yoast-seo-wordpress\/ -->\n<title>LES PLANS DE RELANCE EN FRANCE EN ITALIE - Alumni<\/title>\n<meta name=\"robots\" content=\"index, follow, max-snippet:-1, max-image-preview:large, max-video-preview:-1\" \/>\n<link rel=\"canonical\" href=\"https:\/\/alumni.polimi.it\/en\/2021\/06\/25\/les-plans-de-relance-en-france-en-italie\/\" \/>\n<meta property=\"og:locale\" content=\"en_US\" \/>\n<meta property=\"og:type\" content=\"article\" \/>\n<meta property=\"og:title\" content=\"LES PLANS DE RELANCE EN FRANCE EN ITALIE - Alumni\" \/>\n<meta property=\"og:description\" content=\"Quelle opportunit\u00e9 pour une renaissance europ\u00e9enne&nbsp;? webinaire du mercredi 16 juin 2021 Organis\u00e9e par les associations AlumniPolimi Parigi, le Circolo Franco-italiano et la Section Italie des Alumni Sciences Po, la [&hellip;]\" \/>\n<meta property=\"og:url\" content=\"https:\/\/alumni.polimi.it\/en\/2021\/06\/25\/les-plans-de-relance-en-france-en-italie\/\" \/>\n<meta property=\"og:site_name\" content=\"Alumni\" \/>\n<meta property=\"article:publisher\" content=\"https:\/\/www.facebook.com\/AlumniPolimi\/\" \/>\n<meta property=\"article:published_time\" content=\"2021-06-25T09:32:06+00:00\" \/>\n<meta property=\"article:modified_time\" content=\"2022-11-23T08:51:56+00:00\" \/>\n<meta property=\"og:image\" content=\"https:\/\/alumni.polimi.it\/wp-content\/uploads\/2021\/06\/Recovery_1cHD_Weez-1.png\" \/>\n<meta name=\"author\" content=\"chapter_parigi\" \/>\n<meta name=\"twitter:card\" content=\"summary_large_image\" \/>\n<meta name=\"twitter:label1\" content=\"Written by\" \/>\n\t<meta name=\"twitter:data1\" content=\"chapter_parigi\" \/>\n\t<meta name=\"twitter:label2\" content=\"Est. reading time\" \/>\n\t<meta name=\"twitter:data2\" content=\"1 minute\" \/>\n<script type=\"application\/ld+json\" class=\"yoast-schema-graph\">{\"@context\":\"https:\\\/\\\/schema.org\",\"@graph\":[{\"@type\":\"Article\",\"@id\":\"https:\\\/\\\/alumni.polimi.it\\\/2021\\\/06\\\/25\\\/les-plans-de-relance-en-france-en-italie\\\/#article\",\"isPartOf\":{\"@id\":\"https:\\\/\\\/alumni.polimi.it\\\/2021\\\/06\\\/25\\\/les-plans-de-relance-en-france-en-italie\\\/\"},\"author\":{\"name\":\"chapter_parigi\",\"@id\":\"https:\\\/\\\/alumni.polimi.it\\\/#\\\/schema\\\/person\\\/ad20130df3900b520549c212a012aa09\"},\"headline\":\"LES PLANS DE RELANCE EN FRANCE EN ITALIE\",\"datePublished\":\"2021-06-25T09:32:06+00:00\",\"dateModified\":\"2022-11-23T08:51:56+00:00\",\"mainEntityOfPage\":{\"@id\":\"https:\\\/\\\/alumni.polimi.it\\\/2021\\\/06\\\/25\\\/les-plans-de-relance-en-france-en-italie\\\/\"},\"wordCount\":194,\"publisher\":{\"@id\":\"https:\\\/\\\/alumni.polimi.it\\\/#organization\"},\"image\":{\"@id\":\"https:\\\/\\\/alumni.polimi.it\\\/2021\\\/06\\\/25\\\/les-plans-de-relance-en-france-en-italie\\\/#primaryimage\"},\"thumbnailUrl\":\"https:\\\/\\\/alumni.polimi.it\\\/wp-content\\\/uploads\\\/2021\\\/06\\\/Recovery_1cHD_Weez-1.png\",\"articleSection\":[\"Chapter Parigi\"],\"inLanguage\":\"en-US\"},{\"@type\":\"WebPage\",\"@id\":\"https:\\\/\\\/alumni.polimi.it\\\/2021\\\/06\\\/25\\\/les-plans-de-relance-en-france-en-italie\\\/\",\"url\":\"https:\\\/\\\/alumni.polimi.it\\\/2021\\\/06\\\/25\\\/les-plans-de-relance-en-france-en-italie\\\/\",\"name\":\"LES PLANS DE RELANCE EN FRANCE EN ITALIE - Alumni\",\"isPartOf\":{\"@id\":\"https:\\\/\\\/alumni.polimi.it\\\/#website\"},\"primaryImageOfPage\":{\"@id\":\"https:\\\/\\\/alumni.polimi.it\\\/2021\\\/06\\\/25\\\/les-plans-de-relance-en-france-en-italie\\\/#primaryimage\"},\"image\":{\"@id\":\"https:\\\/\\\/alumni.polimi.it\\\/2021\\\/06\\\/25\\\/les-plans-de-relance-en-france-en-italie\\\/#primaryimage\"},\"thumbnailUrl\":\"https:\\\/\\\/alumni.polimi.it\\\/wp-content\\\/uploads\\\/2021\\\/06\\\/Recovery_1cHD_Weez-1.png\",\"datePublished\":\"2021-06-25T09:32:06+00:00\",\"dateModified\":\"2022-11-23T08:51:56+00:00\",\"breadcrumb\":{\"@id\":\"https:\\\/\\\/alumni.polimi.it\\\/2021\\\/06\\\/25\\\/les-plans-de-relance-en-france-en-italie\\\/#breadcrumb\"},\"inLanguage\":\"en-US\",\"potentialAction\":[{\"@type\":\"ReadAction\",\"target\":[\"https:\\\/\\\/alumni.polimi.it\\\/2021\\\/06\\\/25\\\/les-plans-de-relance-en-france-en-italie\\\/\"]}]},{\"@type\":\"ImageObject\",\"inLanguage\":\"en-US\",\"@id\":\"https:\\\/\\\/alumni.polimi.it\\\/2021\\\/06\\\/25\\\/les-plans-de-relance-en-france-en-italie\\\/#primaryimage\",\"url\":\"https:\\\/\\\/alumni.polimi.it\\\/wp-content\\\/uploads\\\/2021\\\/06\\\/Recovery_1cHD_Weez-1.png\",\"contentUrl\":\"https:\\\/\\\/alumni.polimi.it\\\/wp-content\\\/uploads\\\/2021\\\/06\\\/Recovery_1cHD_Weez-1.png\"},{\"@type\":\"BreadcrumbList\",\"@id\":\"https:\\\/\\\/alumni.polimi.it\\\/2021\\\/06\\\/25\\\/les-plans-de-relance-en-france-en-italie\\\/#breadcrumb\",\"itemListElement\":[{\"@type\":\"ListItem\",\"position\":1,\"name\":\"Home\",\"item\":\"https:\\\/\\\/alumni.polimi.it\\\/\"},{\"@type\":\"ListItem\",\"position\":2,\"name\":\"LES PLANS DE RELANCE EN FRANCE EN ITALIE\"}]},{\"@type\":\"WebSite\",\"@id\":\"https:\\\/\\\/alumni.polimi.it\\\/#website\",\"url\":\"https:\\\/\\\/alumni.polimi.it\\\/\",\"name\":\"Alumni\",\"description\":\"Politecnico di Milano\",\"publisher\":{\"@id\":\"https:\\\/\\\/alumni.polimi.it\\\/#organization\"},\"potentialAction\":[{\"@type\":\"SearchAction\",\"target\":{\"@type\":\"EntryPoint\",\"urlTemplate\":\"https:\\\/\\\/alumni.polimi.it\\\/?s={search_term_string}\"},\"query-input\":{\"@type\":\"PropertyValueSpecification\",\"valueRequired\":true,\"valueName\":\"search_term_string\"}}],\"inLanguage\":\"en-US\"},{\"@type\":\"Organization\",\"@id\":\"https:\\\/\\\/alumni.polimi.it\\\/#organization\",\"name\":\"Alumni Polimi Association\",\"url\":\"https:\\\/\\\/alumni.polimi.it\\\/\",\"logo\":{\"@type\":\"ImageObject\",\"inLanguage\":\"en-US\",\"@id\":\"https:\\\/\\\/alumni.polimi.it\\\/#\\\/schema\\\/logo\\\/image\\\/\",\"url\":\"https:\\\/\\\/alumni.polimi.it\\\/wp-content\\\/uploads\\\/Alumni.jpg\",\"contentUrl\":\"https:\\\/\\\/alumni.polimi.it\\\/wp-content\\\/uploads\\\/Alumni.jpg\",\"width\":1000,\"height\":267,\"caption\":\"Alumni Polimi Association\"},\"image\":{\"@id\":\"https:\\\/\\\/alumni.polimi.it\\\/#\\\/schema\\\/logo\\\/image\\\/\"},\"sameAs\":[\"https:\\\/\\\/www.facebook.com\\\/AlumniPolimi\\\/\",\"https:\\\/\\\/www.linkedin.com\\\/company\\\/alumni-politecnico-di-milano\\\/\"]},{\"@type\":\"Person\",\"@id\":\"https:\\\/\\\/alumni.polimi.it\\\/#\\\/schema\\\/person\\\/ad20130df3900b520549c212a012aa09\",\"name\":\"chapter_parigi\",\"image\":{\"@type\":\"ImageObject\",\"inLanguage\":\"en-US\",\"@id\":\"https:\\\/\\\/secure.gravatar.com\\\/avatar\\\/8b1d3a0ec39b7cddcc2e41d62bf9767d1b50b78f879618d29ce524a3c5e0dfe0?s=96&d=mm&r=g\",\"url\":\"https:\\\/\\\/secure.gravatar.com\\\/avatar\\\/8b1d3a0ec39b7cddcc2e41d62bf9767d1b50b78f879618d29ce524a3c5e0dfe0?s=96&d=mm&r=g\",\"contentUrl\":\"https:\\\/\\\/secure.gravatar.com\\\/avatar\\\/8b1d3a0ec39b7cddcc2e41d62bf9767d1b50b78f879618d29ce524a3c5e0dfe0?s=96&d=mm&r=g\",\"caption\":\"chapter_parigi\"},\"url\":\"https:\\\/\\\/alumni.polimi.it\\\/en\\\/author\\\/chapter_parigi\\\/\"}]}<\/script>\n<!-- \/ Yoast SEO plugin. -->","yoast_head_json":{"title":"LES PLANS DE RELANCE EN FRANCE EN ITALIE - Alumni","robots":{"index":"index","follow":"follow","max-snippet":"max-snippet:-1","max-image-preview":"max-image-preview:large","max-video-preview":"max-video-preview:-1"},"canonical":"https:\/\/alumni.polimi.it\/en\/2021\/06\/25\/les-plans-de-relance-en-france-en-italie\/","og_locale":"en_US","og_type":"article","og_title":"LES PLANS DE RELANCE EN FRANCE EN ITALIE - Alumni","og_description":"Quelle opportunit\u00e9 pour une renaissance europ\u00e9enne&nbsp;? webinaire du mercredi 16 juin 2021 Organis\u00e9e par les associations AlumniPolimi Parigi, le Circolo Franco-italiano et la Section Italie des Alumni Sciences Po, la [&hellip;]","og_url":"https:\/\/alumni.polimi.it\/en\/2021\/06\/25\/les-plans-de-relance-en-france-en-italie\/","og_site_name":"Alumni","article_publisher":"https:\/\/www.facebook.com\/AlumniPolimi\/","article_published_time":"2021-06-25T09:32:06+00:00","article_modified_time":"2022-11-23T08:51:56+00:00","og_image":[{"url":"https:\/\/alumni.polimi.it\/wp-content\/uploads\/2021\/06\/Recovery_1cHD_Weez-1.png","type":"","width":"","height":""}],"author":"chapter_parigi","twitter_card":"summary_large_image","twitter_misc":{"Written by":"chapter_parigi","Est. reading time":"1 minute"},"schema":{"@context":"https:\/\/schema.org","@graph":[{"@type":"Article","@id":"https:\/\/alumni.polimi.it\/2021\/06\/25\/les-plans-de-relance-en-france-en-italie\/#article","isPartOf":{"@id":"https:\/\/alumni.polimi.it\/2021\/06\/25\/les-plans-de-relance-en-france-en-italie\/"},"author":{"name":"chapter_parigi","@id":"https:\/\/alumni.polimi.it\/#\/schema\/person\/ad20130df3900b520549c212a012aa09"},"headline":"LES PLANS DE RELANCE EN FRANCE EN ITALIE","datePublished":"2021-06-25T09:32:06+00:00","dateModified":"2022-11-23T08:51:56+00:00","mainEntityOfPage":{"@id":"https:\/\/alumni.polimi.it\/2021\/06\/25\/les-plans-de-relance-en-france-en-italie\/"},"wordCount":194,"publisher":{"@id":"https:\/\/alumni.polimi.it\/#organization"},"image":{"@id":"https:\/\/alumni.polimi.it\/2021\/06\/25\/les-plans-de-relance-en-france-en-italie\/#primaryimage"},"thumbnailUrl":"https:\/\/alumni.polimi.it\/wp-content\/uploads\/2021\/06\/Recovery_1cHD_Weez-1.png","articleSection":["Chapter Parigi"],"inLanguage":"en-US"},{"@type":"WebPage","@id":"https:\/\/alumni.polimi.it\/2021\/06\/25\/les-plans-de-relance-en-france-en-italie\/","url":"https:\/\/alumni.polimi.it\/2021\/06\/25\/les-plans-de-relance-en-france-en-italie\/","name":"LES PLANS DE RELANCE EN FRANCE EN ITALIE - Alumni","isPartOf":{"@id":"https:\/\/alumni.polimi.it\/#website"},"primaryImageOfPage":{"@id":"https:\/\/alumni.polimi.it\/2021\/06\/25\/les-plans-de-relance-en-france-en-italie\/#primaryimage"},"image":{"@id":"https:\/\/alumni.polimi.it\/2021\/06\/25\/les-plans-de-relance-en-france-en-italie\/#primaryimage"},"thumbnailUrl":"https:\/\/alumni.polimi.it\/wp-content\/uploads\/2021\/06\/Recovery_1cHD_Weez-1.png","datePublished":"2021-06-25T09:32:06+00:00","dateModified":"2022-11-23T08:51:56+00:00","breadcrumb":{"@id":"https:\/\/alumni.polimi.it\/2021\/06\/25\/les-plans-de-relance-en-france-en-italie\/#breadcrumb"},"inLanguage":"en-US","potentialAction":[{"@type":"ReadAction","target":["https:\/\/alumni.polimi.it\/2021\/06\/25\/les-plans-de-relance-en-france-en-italie\/"]}]},{"@type":"ImageObject","inLanguage":"en-US","@id":"https:\/\/alumni.polimi.it\/2021\/06\/25\/les-plans-de-relance-en-france-en-italie\/#primaryimage","url":"https:\/\/alumni.polimi.it\/wp-content\/uploads\/2021\/06\/Recovery_1cHD_Weez-1.png","contentUrl":"https:\/\/alumni.polimi.it\/wp-content\/uploads\/2021\/06\/Recovery_1cHD_Weez-1.png"},{"@type":"BreadcrumbList","@id":"https:\/\/alumni.polimi.it\/2021\/06\/25\/les-plans-de-relance-en-france-en-italie\/#breadcrumb","itemListElement":[{"@type":"ListItem","position":1,"name":"Home","item":"https:\/\/alumni.polimi.it\/"},{"@type":"ListItem","position":2,"name":"LES PLANS DE RELANCE EN FRANCE EN ITALIE"}]},{"@type":"WebSite","@id":"https:\/\/alumni.polimi.it\/#website","url":"https:\/\/alumni.polimi.it\/","name":"Alumni","description":"Politecnico di Milano","publisher":{"@id":"https:\/\/alumni.polimi.it\/#organization"},"potentialAction":[{"@type":"SearchAction","target":{"@type":"EntryPoint","urlTemplate":"https:\/\/alumni.polimi.it\/?s={search_term_string}"},"query-input":{"@type":"PropertyValueSpecification","valueRequired":true,"valueName":"search_term_string"}}],"inLanguage":"en-US"},{"@type":"Organization","@id":"https:\/\/alumni.polimi.it\/#organization","name":"Alumni Polimi Association","url":"https:\/\/alumni.polimi.it\/","logo":{"@type":"ImageObject","inLanguage":"en-US","@id":"https:\/\/alumni.polimi.it\/#\/schema\/logo\/image\/","url":"https:\/\/alumni.polimi.it\/wp-content\/uploads\/Alumni.jpg","contentUrl":"https:\/\/alumni.polimi.it\/wp-content\/uploads\/Alumni.jpg","width":1000,"height":267,"caption":"Alumni Polimi Association"},"image":{"@id":"https:\/\/alumni.polimi.it\/#\/schema\/logo\/image\/"},"sameAs":["https:\/\/www.facebook.com\/AlumniPolimi\/","https:\/\/www.linkedin.com\/company\/alumni-politecnico-di-milano\/"]},{"@type":"Person","@id":"https:\/\/alumni.polimi.it\/#\/schema\/person\/ad20130df3900b520549c212a012aa09","name":"chapter_parigi","image":{"@type":"ImageObject","inLanguage":"en-US","@id":"https:\/\/secure.gravatar.com\/avatar\/8b1d3a0ec39b7cddcc2e41d62bf9767d1b50b78f879618d29ce524a3c5e0dfe0?s=96&d=mm&r=g","url":"https:\/\/secure.gravatar.com\/avatar\/8b1d3a0ec39b7cddcc2e41d62bf9767d1b50b78f879618d29ce524a3c5e0dfe0?s=96&d=mm&r=g","contentUrl":"https:\/\/secure.gravatar.com\/avatar\/8b1d3a0ec39b7cddcc2e41d62bf9767d1b50b78f879618d29ce524a3c5e0dfe0?s=96&d=mm&r=g","caption":"chapter_parigi"},"url":"https:\/\/alumni.polimi.it\/en\/author\/chapter_parigi\/"}]}},"_links":{"self":[{"href":"https:\/\/alumni.polimi.it\/en\/wp-json\/wp\/v2\/posts\/24482","targetHints":{"allow":["GET"]}}],"collection":[{"href":"https:\/\/alumni.polimi.it\/en\/wp-json\/wp\/v2\/posts"}],"about":[{"href":"https:\/\/alumni.polimi.it\/en\/wp-json\/wp\/v2\/types\/post"}],"author":[{"embeddable":true,"href":"https:\/\/alumni.polimi.it\/en\/wp-json\/wp\/v2\/users\/39"}],"replies":[{"embeddable":true,"href":"https:\/\/alumni.polimi.it\/en\/wp-json\/wp\/v2\/comments?post=24482"}],"version-history":[{"count":27,"href":"https:\/\/alumni.polimi.it\/en\/wp-json\/wp\/v2\/posts\/24482\/revisions"}],"predecessor-version":[{"id":30103,"href":"https:\/\/alumni.polimi.it\/en\/wp-json\/wp\/v2\/posts\/24482\/revisions\/30103"}],"wp:attachment":[{"href":"https:\/\/alumni.polimi.it\/en\/wp-json\/wp\/v2\/media?parent=24482"}],"wp:term":[{"taxonomy":"category","embeddable":true,"href":"https:\/\/alumni.polimi.it\/en\/wp-json\/wp\/v2\/categories?post=24482"},{"taxonomy":"post_tag","embeddable":true,"href":"https:\/\/alumni.polimi.it\/en\/wp-json\/wp\/v2\/tags?post=24482"}],"curies":[{"name":"wp","href":"https:\/\/api.w.org\/{rel}","templated":true}]}}