{"id":22633,"date":"2021-04-12T12:26:19","date_gmt":"2021-04-12T10:26:19","guid":{"rendered":"http:\/\/alumni.polimi.it\/?p=22633"},"modified":"2022-11-23T09:56:43","modified_gmt":"2022-11-23T08:56:43","slug":"il-design-per-la-vita-nello-spazio","status":"publish","type":"post","link":"https:\/\/alumni.polimi.it\/en\/2021\/04\/12\/il-design-per-la-vita-nello-spazio\/","title":{"rendered":"Il Design per la vita nello Spazio"},"content":{"rendered":"<p>Design for Space: what does it mean?<\/p>\n\n\n\n<p>In questo Digital Talks, organizzato assieme a Fondazione Politecnico di Milano, \u00e8 stato approfondito il tema sempre pi\u00f9 attuale della vita nello spazio, guardando al ruolo che il design pu\u00f2 avere nel migliorare le condizioni di permanenza e di lavoro degli astronauti e nel proporre metodi e strumenti per affrontare condizioni ambientali estreme trasformandole da limitazioni in opportunit\u00e0.<\/p>\n\n\n\n<p>Ne hanno parlato la prof.ssa Annalisa Dominoni e il prof. Benedetto Quaquaro, Responsabili del corso di Space Design \u201cSpace4InspirAction\u201d, Scuola del Design, Master of Science in Integrated Product Design. Moderato da Ing. Daniele Bignami, Project Manager e referente Collana Springer \u201cResearch for Development\u201d, Fondazione Politecnico di Milano<\/p>\n\n\n\n<figure class=\"wp-block-embed-youtube wp-block-embed is-type-video is-provider-youtube wp-embed-aspect-16-9 wp-has-aspect-ratio\"><div class=\"wp-block-embed__wrapper\">\n<iframe loading=\"lazy\" title=\"Alumni Digital Talks | Il Design per la vita nello spazio\" width=\"1170\" height=\"658\" src=\"https:\/\/www.youtube.com\/embed\/MyFsD1kWJ44?feature=oembed\" frameborder=\"0\" allow=\"accelerometer; autoplay; clipboard-write; encrypted-media; gyroscope; picture-in-picture\" allowfullscreen><\/iframe>\n<\/div><\/figure>","protected":false},"excerpt":{"rendered":"<p>Cosa significa progettare per lo spazio? In questo Digital Talks, organizzato assieme a Fondazione Politecnico di Milano, \u00e8 stato approfondito il tema sempre pi\u00f9 attuale della vita nello spazio, guardando [&hellip;]<\/p>\n","protected":false},"author":29,"featured_media":22638,"comment_status":"closed","ping_status":"open","sticky":false,"template":"","format":"standard","meta":{"_acf_changed":false,"footnotes":""},"categories":[20],"tags":[],"class_list":["post-22633","post","type-post","status-publish","format-standard","has-post-thumbnail","hentry","category-cat_digital_talk"],"acf":[],"yoast_head":"<!-- This site is optimized with the Yoast SEO plugin v27.4 - https:\/\/yoast.com\/product\/yoast-seo-wordpress\/ -->\n<title>Il Design per la vita nello Spazio - Alumni<\/title>\n<meta name=\"robots\" content=\"index, follow, max-snippet:-1, max-image-preview:large, max-video-preview:-1\" \/>\n<link rel=\"canonical\" href=\"https:\/\/alumni.polimi.it\/en\/2021\/04\/12\/il-design-per-la-vita-nello-spazio\/\" \/>\n<meta property=\"og:locale\" content=\"en_US\" \/>\n<meta property=\"og:type\" content=\"article\" \/>\n<meta property=\"og:title\" content=\"Il Design per la vita nello Spazio - Alumni\" \/>\n<meta property=\"og:description\" content=\"Cosa significa progettare per lo spazio? In questo Digital Talks, organizzato assieme a Fondazione Politecnico di Milano, \u00e8 stato approfondito il tema sempre pi\u00f9 attuale della vita nello spazio, guardando [&hellip;]\" \/>\n<meta property=\"og:url\" content=\"https:\/\/alumni.polimi.it\/en\/2021\/04\/12\/il-design-per-la-vita-nello-spazio\/\" \/>\n<meta property=\"og:site_name\" content=\"Alumni\" \/>\n<meta property=\"article:publisher\" content=\"https:\/\/www.facebook.com\/AlumniPolimi\/\" \/>\n<meta property=\"article:published_time\" content=\"2021-04-12T10:26:19+00:00\" \/>\n<meta property=\"article:modified_time\" content=\"2022-11-23T08:56:43+00:00\" \/>\n<meta property=\"og:image\" content=\"http:\/\/alumni.polimi.it\/wp-content\/uploads\/2021\/04\/DT-Springer-News-1.jpg\" \/>\n\t<meta property=\"og:image:width\" content=\"453\" \/>\n\t<meta property=\"og:image:height\" content=\"460\" \/>\n\t<meta property=\"og:image:type\" content=\"image\/jpeg\" \/>\n<meta name=\"author\" content=\"admin\" \/>\n<meta name=\"twitter:card\" content=\"summary_large_image\" \/>\n<meta name=\"twitter:label1\" content=\"Written by\" \/>\n\t<meta name=\"twitter:data1\" content=\"admin\" \/>\n\t<meta name=\"twitter:label2\" content=\"Est. reading time\" \/>\n\t<meta name=\"twitter:data2\" content=\"1 minute\" \/>\n<script type=\"application\/ld+json\" class=\"yoast-schema-graph\">{\"@context\":\"https:\\\/\\\/schema.org\",\"@graph\":[{\"@type\":\"Article\",\"@id\":\"https:\\\/\\\/alumni.polimi.it\\\/2021\\\/04\\\/12\\\/il-design-per-la-vita-nello-spazio\\\/#article\",\"isPartOf\":{\"@id\":\"https:\\\/\\\/alumni.polimi.it\\\/2021\\\/04\\\/12\\\/il-design-per-la-vita-nello-spazio\\\/\"},\"author\":{\"name\":\"admin\",\"@id\":\"https:\\\/\\\/alumni.polimi.it\\\/#\\\/schema\\\/person\\\/ad861bbe4e9151a1e36776ad0690b95f\"},\"headline\":\"Il Design per la vita nello Spazio\",\"datePublished\":\"2021-04-12T10:26:19+00:00\",\"dateModified\":\"2022-11-23T08:56:43+00:00\",\"mainEntityOfPage\":{\"@id\":\"https:\\\/\\\/alumni.polimi.it\\\/2021\\\/04\\\/12\\\/il-design-per-la-vita-nello-spazio\\\/\"},\"wordCount\":124,\"publisher\":{\"@id\":\"https:\\\/\\\/alumni.polimi.it\\\/#organization\"},\"image\":{\"@id\":\"https:\\\/\\\/alumni.polimi.it\\\/2021\\\/04\\\/12\\\/il-design-per-la-vita-nello-spazio\\\/#primaryimage\"},\"thumbnailUrl\":\"https:\\\/\\\/alumni.polimi.it\\\/wp-content\\\/uploads\\\/2021\\\/04\\\/DT-Springer-News-1.jpg\",\"articleSection\":[\"Digital Talk\"],\"inLanguage\":\"en-US\"},{\"@type\":\"WebPage\",\"@id\":\"https:\\\/\\\/alumni.polimi.it\\\/2021\\\/04\\\/12\\\/il-design-per-la-vita-nello-spazio\\\/\",\"url\":\"https:\\\/\\\/alumni.polimi.it\\\/2021\\\/04\\\/12\\\/il-design-per-la-vita-nello-spazio\\\/\",\"name\":\"Il Design per la vita nello Spazio - Alumni\",\"isPartOf\":{\"@id\":\"https:\\\/\\\/alumni.polimi.it\\\/#website\"},\"primaryImageOfPage\":{\"@id\":\"https:\\\/\\\/alumni.polimi.it\\\/2021\\\/04\\\/12\\\/il-design-per-la-vita-nello-spazio\\\/#primaryimage\"},\"image\":{\"@id\":\"https:\\\/\\\/alumni.polimi.it\\\/2021\\\/04\\\/12\\\/il-design-per-la-vita-nello-spazio\\\/#primaryimage\"},\"thumbnailUrl\":\"https:\\\/\\\/alumni.polimi.it\\\/wp-content\\\/uploads\\\/2021\\\/04\\\/DT-Springer-News-1.jpg\",\"datePublished\":\"2021-04-12T10:26:19+00:00\",\"dateModified\":\"2022-11-23T08:56:43+00:00\",\"breadcrumb\":{\"@id\":\"https:\\\/\\\/alumni.polimi.it\\\/2021\\\/04\\\/12\\\/il-design-per-la-vita-nello-spazio\\\/#breadcrumb\"},\"inLanguage\":\"en-US\",\"potentialAction\":[{\"@type\":\"ReadAction\",\"target\":[\"https:\\\/\\\/alumni.polimi.it\\\/2021\\\/04\\\/12\\\/il-design-per-la-vita-nello-spazio\\\/\"]}]},{\"@type\":\"ImageObject\",\"inLanguage\":\"en-US\",\"@id\":\"https:\\\/\\\/alumni.polimi.it\\\/2021\\\/04\\\/12\\\/il-design-per-la-vita-nello-spazio\\\/#primaryimage\",\"url\":\"https:\\\/\\\/alumni.polimi.it\\\/wp-content\\\/uploads\\\/2021\\\/04\\\/DT-Springer-News-1.jpg\",\"contentUrl\":\"https:\\\/\\\/alumni.polimi.it\\\/wp-content\\\/uploads\\\/2021\\\/04\\\/DT-Springer-News-1.jpg\",\"width\":453,\"height\":460},{\"@type\":\"BreadcrumbList\",\"@id\":\"https:\\\/\\\/alumni.polimi.it\\\/2021\\\/04\\\/12\\\/il-design-per-la-vita-nello-spazio\\\/#breadcrumb\",\"itemListElement\":[{\"@type\":\"ListItem\",\"position\":1,\"name\":\"Home\",\"item\":\"https:\\\/\\\/alumni.polimi.it\\\/\"},{\"@type\":\"ListItem\",\"position\":2,\"name\":\"Il Design per la vita nello Spazio\"}]},{\"@type\":\"WebSite\",\"@id\":\"https:\\\/\\\/alumni.polimi.it\\\/#website\",\"url\":\"https:\\\/\\\/alumni.polimi.it\\\/\",\"name\":\"Alumni\",\"description\":\"Politecnico di Milano\",\"publisher\":{\"@id\":\"https:\\\/\\\/alumni.polimi.it\\\/#organization\"},\"potentialAction\":[{\"@type\":\"SearchAction\",\"target\":{\"@type\":\"EntryPoint\",\"urlTemplate\":\"https:\\\/\\\/alumni.polimi.it\\\/?s={search_term_string}\"},\"query-input\":{\"@type\":\"PropertyValueSpecification\",\"valueRequired\":true,\"valueName\":\"search_term_string\"}}],\"inLanguage\":\"en-US\"},{\"@type\":\"Organization\",\"@id\":\"https:\\\/\\\/alumni.polimi.it\\\/#organization\",\"name\":\"Alumni Polimi Association\",\"url\":\"https:\\\/\\\/alumni.polimi.it\\\/\",\"logo\":{\"@type\":\"ImageObject\",\"inLanguage\":\"en-US\",\"@id\":\"https:\\\/\\\/alumni.polimi.it\\\/#\\\/schema\\\/logo\\\/image\\\/\",\"url\":\"https:\\\/\\\/alumni.polimi.it\\\/wp-content\\\/uploads\\\/Alumni.jpg\",\"contentUrl\":\"https:\\\/\\\/alumni.polimi.it\\\/wp-content\\\/uploads\\\/Alumni.jpg\",\"width\":1000,\"height\":267,\"caption\":\"Alumni Polimi Association\"},\"image\":{\"@id\":\"https:\\\/\\\/alumni.polimi.it\\\/#\\\/schema\\\/logo\\\/image\\\/\"},\"sameAs\":[\"https:\\\/\\\/www.facebook.com\\\/AlumniPolimi\\\/\",\"https:\\\/\\\/www.linkedin.com\\\/company\\\/alumni-politecnico-di-milano\\\/\"]},{\"@type\":\"Person\",\"@id\":\"https:\\\/\\\/alumni.polimi.it\\\/#\\\/schema\\\/person\\\/ad861bbe4e9151a1e36776ad0690b95f\",\"name\":\"admin\",\"image\":{\"@type\":\"ImageObject\",\"inLanguage\":\"en-US\",\"@id\":\"https:\\\/\\\/secure.gravatar.com\\\/avatar\\\/178b92607435216fe5ceb1d5478e4a76a899165c4fa31ae02b138ccfaf43ba0b?s=96&d=mm&r=g\",\"url\":\"https:\\\/\\\/secure.gravatar.com\\\/avatar\\\/178b92607435216fe5ceb1d5478e4a76a899165c4fa31ae02b138ccfaf43ba0b?s=96&d=mm&r=g\",\"contentUrl\":\"https:\\\/\\\/secure.gravatar.com\\\/avatar\\\/178b92607435216fe5ceb1d5478e4a76a899165c4fa31ae02b138ccfaf43ba0b?s=96&d=mm&r=g\",\"caption\":\"admin\"},\"url\":\"https:\\\/\\\/alumni.polimi.it\\\/en\\\/author\\\/admin\\\/\"}]}<\/script>\n<!-- \/ Yoast SEO plugin. -->","yoast_head_json":{"title":"Il Design per la vita nello Spazio - Alumni","robots":{"index":"index","follow":"follow","max-snippet":"max-snippet:-1","max-image-preview":"max-image-preview:large","max-video-preview":"max-video-preview:-1"},"canonical":"https:\/\/alumni.polimi.it\/en\/2021\/04\/12\/il-design-per-la-vita-nello-spazio\/","og_locale":"en_US","og_type":"article","og_title":"Il Design per la vita nello Spazio - Alumni","og_description":"Cosa significa progettare per lo spazio? In questo Digital Talks, organizzato assieme a Fondazione Politecnico di Milano, \u00e8 stato approfondito il tema sempre pi\u00f9 attuale della vita nello spazio, guardando [&hellip;]","og_url":"https:\/\/alumni.polimi.it\/en\/2021\/04\/12\/il-design-per-la-vita-nello-spazio\/","og_site_name":"Alumni","article_publisher":"https:\/\/www.facebook.com\/AlumniPolimi\/","article_published_time":"2021-04-12T10:26:19+00:00","article_modified_time":"2022-11-23T08:56:43+00:00","og_image":[{"width":453,"height":460,"url":"http:\/\/alumni.polimi.it\/wp-content\/uploads\/2021\/04\/DT-Springer-News-1.jpg","type":"image\/jpeg"}],"author":"admin","twitter_card":"summary_large_image","twitter_misc":{"Written by":"admin","Est. reading time":"1 minute"},"schema":{"@context":"https:\/\/schema.org","@graph":[{"@type":"Article","@id":"https:\/\/alumni.polimi.it\/2021\/04\/12\/il-design-per-la-vita-nello-spazio\/#article","isPartOf":{"@id":"https:\/\/alumni.polimi.it\/2021\/04\/12\/il-design-per-la-vita-nello-spazio\/"},"author":{"name":"admin","@id":"https:\/\/alumni.polimi.it\/#\/schema\/person\/ad861bbe4e9151a1e36776ad0690b95f"},"headline":"Il Design per la vita nello Spazio","datePublished":"2021-04-12T10:26:19+00:00","dateModified":"2022-11-23T08:56:43+00:00","mainEntityOfPage":{"@id":"https:\/\/alumni.polimi.it\/2021\/04\/12\/il-design-per-la-vita-nello-spazio\/"},"wordCount":124,"publisher":{"@id":"https:\/\/alumni.polimi.it\/#organization"},"image":{"@id":"https:\/\/alumni.polimi.it\/2021\/04\/12\/il-design-per-la-vita-nello-spazio\/#primaryimage"},"thumbnailUrl":"https:\/\/alumni.polimi.it\/wp-content\/uploads\/2021\/04\/DT-Springer-News-1.jpg","articleSection":["Digital Talk"],"inLanguage":"en-US"},{"@type":"WebPage","@id":"https:\/\/alumni.polimi.it\/2021\/04\/12\/il-design-per-la-vita-nello-spazio\/","url":"https:\/\/alumni.polimi.it\/2021\/04\/12\/il-design-per-la-vita-nello-spazio\/","name":"Il Design per la vita nello Spazio - Alumni","isPartOf":{"@id":"https:\/\/alumni.polimi.it\/#website"},"primaryImageOfPage":{"@id":"https:\/\/alumni.polimi.it\/2021\/04\/12\/il-design-per-la-vita-nello-spazio\/#primaryimage"},"image":{"@id":"https:\/\/alumni.polimi.it\/2021\/04\/12\/il-design-per-la-vita-nello-spazio\/#primaryimage"},"thumbnailUrl":"https:\/\/alumni.polimi.it\/wp-content\/uploads\/2021\/04\/DT-Springer-News-1.jpg","datePublished":"2021-04-12T10:26:19+00:00","dateModified":"2022-11-23T08:56:43+00:00","breadcrumb":{"@id":"https:\/\/alumni.polimi.it\/2021\/04\/12\/il-design-per-la-vita-nello-spazio\/#breadcrumb"},"inLanguage":"en-US","potentialAction":[{"@type":"ReadAction","target":["https:\/\/alumni.polimi.it\/2021\/04\/12\/il-design-per-la-vita-nello-spazio\/"]}]},{"@type":"ImageObject","inLanguage":"en-US","@id":"https:\/\/alumni.polimi.it\/2021\/04\/12\/il-design-per-la-vita-nello-spazio\/#primaryimage","url":"https:\/\/alumni.polimi.it\/wp-content\/uploads\/2021\/04\/DT-Springer-News-1.jpg","contentUrl":"https:\/\/alumni.polimi.it\/wp-content\/uploads\/2021\/04\/DT-Springer-News-1.jpg","width":453,"height":460},{"@type":"BreadcrumbList","@id":"https:\/\/alumni.polimi.it\/2021\/04\/12\/il-design-per-la-vita-nello-spazio\/#breadcrumb","itemListElement":[{"@type":"ListItem","position":1,"name":"Home","item":"https:\/\/alumni.polimi.it\/"},{"@type":"ListItem","position":2,"name":"Il Design per la vita nello Spazio"}]},{"@type":"WebSite","@id":"https:\/\/alumni.polimi.it\/#website","url":"https:\/\/alumni.polimi.it\/","name":"Alumni","description":"Politecnico di Milano","publisher":{"@id":"https:\/\/alumni.polimi.it\/#organization"},"potentialAction":[{"@type":"SearchAction","target":{"@type":"EntryPoint","urlTemplate":"https:\/\/alumni.polimi.it\/?s={search_term_string}"},"query-input":{"@type":"PropertyValueSpecification","valueRequired":true,"valueName":"search_term_string"}}],"inLanguage":"en-US"},{"@type":"Organization","@id":"https:\/\/alumni.polimi.it\/#organization","name":"Alumni Polimi Association","url":"https:\/\/alumni.polimi.it\/","logo":{"@type":"ImageObject","inLanguage":"en-US","@id":"https:\/\/alumni.polimi.it\/#\/schema\/logo\/image\/","url":"https:\/\/alumni.polimi.it\/wp-content\/uploads\/Alumni.jpg","contentUrl":"https:\/\/alumni.polimi.it\/wp-content\/uploads\/Alumni.jpg","width":1000,"height":267,"caption":"Alumni Polimi Association"},"image":{"@id":"https:\/\/alumni.polimi.it\/#\/schema\/logo\/image\/"},"sameAs":["https:\/\/www.facebook.com\/AlumniPolimi\/","https:\/\/www.linkedin.com\/company\/alumni-politecnico-di-milano\/"]},{"@type":"Person","@id":"https:\/\/alumni.polimi.it\/#\/schema\/person\/ad861bbe4e9151a1e36776ad0690b95f","name":"admin","image":{"@type":"ImageObject","inLanguage":"en-US","@id":"https:\/\/secure.gravatar.com\/avatar\/178b92607435216fe5ceb1d5478e4a76a899165c4fa31ae02b138ccfaf43ba0b?s=96&d=mm&r=g","url":"https:\/\/secure.gravatar.com\/avatar\/178b92607435216fe5ceb1d5478e4a76a899165c4fa31ae02b138ccfaf43ba0b?s=96&d=mm&r=g","contentUrl":"https:\/\/secure.gravatar.com\/avatar\/178b92607435216fe5ceb1d5478e4a76a899165c4fa31ae02b138ccfaf43ba0b?s=96&d=mm&r=g","caption":"admin"},"url":"https:\/\/alumni.polimi.it\/en\/author\/admin\/"}]}},"_links":{"self":[{"href":"https:\/\/alumni.polimi.it\/en\/wp-json\/wp\/v2\/posts\/22633","targetHints":{"allow":["GET"]}}],"collection":[{"href":"https:\/\/alumni.polimi.it\/en\/wp-json\/wp\/v2\/posts"}],"about":[{"href":"https:\/\/alumni.polimi.it\/en\/wp-json\/wp\/v2\/types\/post"}],"author":[{"embeddable":true,"href":"https:\/\/alumni.polimi.it\/en\/wp-json\/wp\/v2\/users\/29"}],"replies":[{"embeddable":true,"href":"https:\/\/alumni.polimi.it\/en\/wp-json\/wp\/v2\/comments?post=22633"}],"version-history":[{"count":4,"href":"https:\/\/alumni.polimi.it\/en\/wp-json\/wp\/v2\/posts\/22633\/revisions"}],"predecessor-version":[{"id":22640,"href":"https:\/\/alumni.polimi.it\/en\/wp-json\/wp\/v2\/posts\/22633\/revisions\/22640"}],"wp:featuredmedia":[{"embeddable":true,"href":"https:\/\/alumni.polimi.it\/en\/wp-json\/wp\/v2\/media\/22638"}],"wp:attachment":[{"href":"https:\/\/alumni.polimi.it\/en\/wp-json\/wp\/v2\/media?parent=22633"}],"wp:term":[{"taxonomy":"category","embeddable":true,"href":"https:\/\/alumni.polimi.it\/en\/wp-json\/wp\/v2\/categories?post=22633"},{"taxonomy":"post_tag","embeddable":true,"href":"https:\/\/alumni.polimi.it\/en\/wp-json\/wp\/v2\/tags?post=22633"}],"curies":[{"name":"wp","href":"https:\/\/api.w.org\/{rel}","templated":true}]}}