{"id":21791,"date":"1999-02-24T10:10:00","date_gmt":"1999-02-24T09:10:00","guid":{"rendered":"http:\/\/alumni.polimi.it\/?p=21791"},"modified":"2021-02-24T10:11:22","modified_gmt":"2021-02-24T09:11:22","slug":"eventi-privacy","status":"publish","type":"post","link":"https:\/\/alumni.polimi.it\/en\/1999\/02\/24\/eventi-privacy\/","title":{"rendered":"Eventi &#8211; Privacy"},"content":{"rendered":"<p>Ai sensi e per gli effetti del nuovo Regolamento Generale UE sulla protezione dei dati personali n. 679\/2016, i dati personali identificativi da lei comunicati in occasione della registrazione sul sito alumni.polimi.it e forniti ad ALUMNIPOLIMI ASSOCIATION saranno trattati direttamente e\/o tramite terzi delegati, esclusivamente per le seguenti finalit\u00e0:<\/p>\n\n\n\n<p>a) per favorire il networking fra gli Alumni del Politecnico di Milano, nonch\u00e9 per fini statistici ed istituzionali propri dell\u2019Associazione b) invio di materiale informativo relativo ad attivit\u00e0 promosse da ALUMNIPOLIMI ASSOCIATION o dal Politecnico di Milano mediante l\u2019utilizzo della posta elettronica. c) per consentire il contatto diretto da parte di altri Alumni<\/p>\n\n\n\n<p>I dati non saranno comunicati a terzi se non per i fini di cui al punto b) e c). Per trattamento dei dati personali si intende qualsiasi operazione o insieme di operazioni, compiute con o senza l\u2019ausilio di processi automatizzati e applicate a dati personali o insiemi di dati personali, anche se non registrati in una banca di dati, come la raccolta, la registrazione, l\u2019organizzazione, la strutturazione, la conservazione, l\u2019elaborazione, la selezione, il blocco, l\u2019adattamento o la modifica, l\u2019estrazione, la consultazione, l\u2019uso, la comunicazione mediante trasmissione, la diffusione o qualsiasi altra forma di messa a disposizione, il raffronto o l\u2019interconnessione, la limitazione, la cancellazione o la distruzione. I dati personali forniti verranno trattati da ALUMNIPOLIMI ASSOCIATION su supporto cartaceo, informatico o telematico.<\/p>\n\n\n\n<p>DURATA DEL TRATTAMENTO: Il titolare tratter\u00e0 i dati personali per il tempo strettamente necessario per conseguire alle finalit\u00e0 per cui tali dati sono stati acquisiti.<\/p>\n\n\n\n<p>ACCESSO AI DATI: 1. I Suoi dati potranno essere resi accessibili per le finalit\u00e0 a), b) e c) a dipendenti e collaboratori del Titolare nella loro qualit\u00e0 di autorizzati e\/o responsabili del trattamento; 2. a terzi che svolgono attivit\u00e0 in outsourcing per conto del Titolare, nella loro qualit\u00e0 di responsabili del trattamento.<\/p>\n\n\n\n<p>NATURA DEL CONFERIMENTO DATI E CONSEGUENZE NEL RIFIUTO DEL CONSENSO: Il conferimento dei dati per le finalit\u00e0 di cui al punto a) \u00e8 necessario in loro assenza non sar\u00e0 possibile registrarsi al sito ed iscriversi alla community. Il consenso al trattamento dei dati per le finalit\u00e0 di cui ai punti b) e c) \u00e8 facoltativo pu\u00f2 quindi decidere di non acconsentire in tal caso per\u00f2 non potr\u00e0 ricevere in un caso newsletter, comunicazioni e materiale informativo inerente alle iniziative promosse da ALUMNIPOLIMI ASSOCIATION nonch\u00e9 relative ad attivit\u00e0 o eventi promossi dal Politecnico di Milano; nell\u2019altro non ricever\u00e0 richieste di contatto da altri Alumni.<\/p>\n\n\n\n<p>DIRITTI DELL\u2019INTERESSATO Lei potr\u00e0, in qualsiasi momento, esercitare i diritti: a. di accesso ai dati personali; b. di ottenere la rettifica o la cancellazione degli stessi o la limitazione del trattamento che lo riguardano; c. di opporsi al trattamento; d. alla portabilit\u00e0 dei dati; e. di revocare il consenso, ove previsto: la revoca del consenso non pregiudica la liceit\u00e0 del trattamento basata sul consenso conferito prima della revoca; f. di proporre reclamo all\u2019autorit\u00e0 di controllo (Garante Privacy).<\/p>\n\n\n\n<p>MODALITA\u2019 DI ESERCIZIO DEI DIRITTI L\u2019indirizzo per l\u2019esercizio dei diritti sopra indicati \u00e8: alumni@polimi.it<\/p>\n\n\n\n<p>TITOLARE, RESPONSABILI E INCARICATI Titolare dei dati \u00e8 ALUMNIPOLIMI ASSOCIATION Piazza Leonardo da Vinci 32, Milano in persona del suo legale rappresentante pro- tempore.<\/p>\n\n\n\n<p>L\u2019elenco aggiornato dei responsabili e degli incaricati al trattamento \u00e8 custodito presso la sede legale del Titolare del trattamento.<\/p>\n\n\n\n<p>alumni@polimi.it.<\/p>","protected":false},"excerpt":{"rendered":"<p>Ai sensi e per gli effetti del nuovo Regolamento Generale UE sulla protezione dei dati personali n. 679\/2016, i dati personali identificativi da lei comunicati in occasione della registrazione sul [&hellip;]<\/p>\n","protected":false},"author":29,"featured_media":0,"comment_status":"open","ping_status":"open","sticky":false,"template":"","format":"standard","meta":{"_acf_changed":false,"footnotes":""},"categories":[13],"tags":[],"class_list":["post-21791","post","type-post","status-publish","format-standard","hentry","category-cat_convention"],"acf":[],"yoast_head":"<!-- This site is optimized with the Yoast SEO plugin v27.4 - https:\/\/yoast.com\/product\/yoast-seo-wordpress\/ -->\n<title>Eventi - Privacy - Alumni<\/title>\n<meta name=\"robots\" content=\"index, follow, max-snippet:-1, max-image-preview:large, max-video-preview:-1\" \/>\n<link rel=\"canonical\" href=\"https:\/\/alumni.polimi.it\/en\/1999\/02\/24\/eventi-privacy\/\" \/>\n<meta property=\"og:locale\" content=\"en_US\" \/>\n<meta property=\"og:type\" content=\"article\" \/>\n<meta property=\"og:title\" content=\"Eventi - Privacy - Alumni\" \/>\n<meta property=\"og:description\" content=\"Ai sensi e per gli effetti del nuovo Regolamento Generale UE sulla protezione dei dati personali n. 679\/2016, i dati personali identificativi da lei comunicati in occasione della registrazione sul [&hellip;]\" \/>\n<meta property=\"og:url\" content=\"https:\/\/alumni.polimi.it\/en\/1999\/02\/24\/eventi-privacy\/\" \/>\n<meta property=\"og:site_name\" content=\"Alumni\" \/>\n<meta property=\"article:publisher\" content=\"https:\/\/www.facebook.com\/AlumniPolimi\/\" \/>\n<meta property=\"article:published_time\" content=\"1999-02-24T09:10:00+00:00\" \/>\n<meta property=\"article:modified_time\" content=\"2021-02-24T09:11:22+00:00\" \/>\n<meta name=\"author\" content=\"admin\" \/>\n<meta name=\"twitter:card\" content=\"summary_large_image\" \/>\n<meta name=\"twitter:label1\" content=\"Written by\" \/>\n\t<meta name=\"twitter:data1\" content=\"admin\" \/>\n\t<meta name=\"twitter:label2\" content=\"Est. reading time\" \/>\n\t<meta name=\"twitter:data2\" content=\"3 minutes\" \/>\n<script type=\"application\/ld+json\" class=\"yoast-schema-graph\">{\"@context\":\"https:\\\/\\\/schema.org\",\"@graph\":[{\"@type\":\"Article\",\"@id\":\"https:\\\/\\\/alumni.polimi.it\\\/1999\\\/02\\\/24\\\/eventi-privacy\\\/#article\",\"isPartOf\":{\"@id\":\"https:\\\/\\\/alumni.polimi.it\\\/1999\\\/02\\\/24\\\/eventi-privacy\\\/\"},\"author\":{\"name\":\"admin\",\"@id\":\"https:\\\/\\\/alumni.polimi.it\\\/#\\\/schema\\\/person\\\/ad861bbe4e9151a1e36776ad0690b95f\"},\"headline\":\"Eventi &#8211; Privacy\",\"datePublished\":\"1999-02-24T09:10:00+00:00\",\"dateModified\":\"2021-02-24T09:11:22+00:00\",\"mainEntityOfPage\":{\"@id\":\"https:\\\/\\\/alumni.polimi.it\\\/1999\\\/02\\\/24\\\/eventi-privacy\\\/\"},\"wordCount\":556,\"commentCount\":0,\"publisher\":{\"@id\":\"https:\\\/\\\/alumni.polimi.it\\\/#organization\"},\"articleSection\":[\"Convention\"],\"inLanguage\":\"en-US\",\"potentialAction\":[{\"@type\":\"CommentAction\",\"name\":\"Comment\",\"target\":[\"https:\\\/\\\/alumni.polimi.it\\\/1999\\\/02\\\/24\\\/eventi-privacy\\\/#respond\"]}]},{\"@type\":\"WebPage\",\"@id\":\"https:\\\/\\\/alumni.polimi.it\\\/1999\\\/02\\\/24\\\/eventi-privacy\\\/\",\"url\":\"https:\\\/\\\/alumni.polimi.it\\\/1999\\\/02\\\/24\\\/eventi-privacy\\\/\",\"name\":\"Eventi - Privacy - Alumni\",\"isPartOf\":{\"@id\":\"https:\\\/\\\/alumni.polimi.it\\\/#website\"},\"datePublished\":\"1999-02-24T09:10:00+00:00\",\"dateModified\":\"2021-02-24T09:11:22+00:00\",\"breadcrumb\":{\"@id\":\"https:\\\/\\\/alumni.polimi.it\\\/1999\\\/02\\\/24\\\/eventi-privacy\\\/#breadcrumb\"},\"inLanguage\":\"en-US\",\"potentialAction\":[{\"@type\":\"ReadAction\",\"target\":[\"https:\\\/\\\/alumni.polimi.it\\\/1999\\\/02\\\/24\\\/eventi-privacy\\\/\"]}]},{\"@type\":\"BreadcrumbList\",\"@id\":\"https:\\\/\\\/alumni.polimi.it\\\/1999\\\/02\\\/24\\\/eventi-privacy\\\/#breadcrumb\",\"itemListElement\":[{\"@type\":\"ListItem\",\"position\":1,\"name\":\"Home\",\"item\":\"https:\\\/\\\/alumni.polimi.it\\\/\"},{\"@type\":\"ListItem\",\"position\":2,\"name\":\"Eventi &#8211; Privacy\"}]},{\"@type\":\"WebSite\",\"@id\":\"https:\\\/\\\/alumni.polimi.it\\\/#website\",\"url\":\"https:\\\/\\\/alumni.polimi.it\\\/\",\"name\":\"Alumni\",\"description\":\"Politecnico di Milano\",\"publisher\":{\"@id\":\"https:\\\/\\\/alumni.polimi.it\\\/#organization\"},\"potentialAction\":[{\"@type\":\"SearchAction\",\"target\":{\"@type\":\"EntryPoint\",\"urlTemplate\":\"https:\\\/\\\/alumni.polimi.it\\\/?s={search_term_string}\"},\"query-input\":{\"@type\":\"PropertyValueSpecification\",\"valueRequired\":true,\"valueName\":\"search_term_string\"}}],\"inLanguage\":\"en-US\"},{\"@type\":\"Organization\",\"@id\":\"https:\\\/\\\/alumni.polimi.it\\\/#organization\",\"name\":\"Alumni Polimi Association\",\"url\":\"https:\\\/\\\/alumni.polimi.it\\\/\",\"logo\":{\"@type\":\"ImageObject\",\"inLanguage\":\"en-US\",\"@id\":\"https:\\\/\\\/alumni.polimi.it\\\/#\\\/schema\\\/logo\\\/image\\\/\",\"url\":\"https:\\\/\\\/alumni.polimi.it\\\/wp-content\\\/uploads\\\/Alumni.jpg\",\"contentUrl\":\"https:\\\/\\\/alumni.polimi.it\\\/wp-content\\\/uploads\\\/Alumni.jpg\",\"width\":1000,\"height\":267,\"caption\":\"Alumni Polimi Association\"},\"image\":{\"@id\":\"https:\\\/\\\/alumni.polimi.it\\\/#\\\/schema\\\/logo\\\/image\\\/\"},\"sameAs\":[\"https:\\\/\\\/www.facebook.com\\\/AlumniPolimi\\\/\",\"https:\\\/\\\/www.linkedin.com\\\/company\\\/alumni-politecnico-di-milano\\\/\"]},{\"@type\":\"Person\",\"@id\":\"https:\\\/\\\/alumni.polimi.it\\\/#\\\/schema\\\/person\\\/ad861bbe4e9151a1e36776ad0690b95f\",\"name\":\"admin\",\"image\":{\"@type\":\"ImageObject\",\"inLanguage\":\"en-US\",\"@id\":\"https:\\\/\\\/secure.gravatar.com\\\/avatar\\\/178b92607435216fe5ceb1d5478e4a76a899165c4fa31ae02b138ccfaf43ba0b?s=96&d=mm&r=g\",\"url\":\"https:\\\/\\\/secure.gravatar.com\\\/avatar\\\/178b92607435216fe5ceb1d5478e4a76a899165c4fa31ae02b138ccfaf43ba0b?s=96&d=mm&r=g\",\"contentUrl\":\"https:\\\/\\\/secure.gravatar.com\\\/avatar\\\/178b92607435216fe5ceb1d5478e4a76a899165c4fa31ae02b138ccfaf43ba0b?s=96&d=mm&r=g\",\"caption\":\"admin\"},\"url\":\"https:\\\/\\\/alumni.polimi.it\\\/en\\\/author\\\/admin\\\/\"}]}<\/script>\n<!-- \/ Yoast SEO plugin. -->","yoast_head_json":{"title":"Eventi - Privacy - Alumni","robots":{"index":"index","follow":"follow","max-snippet":"max-snippet:-1","max-image-preview":"max-image-preview:large","max-video-preview":"max-video-preview:-1"},"canonical":"https:\/\/alumni.polimi.it\/en\/1999\/02\/24\/eventi-privacy\/","og_locale":"en_US","og_type":"article","og_title":"Eventi - Privacy - Alumni","og_description":"Ai sensi e per gli effetti del nuovo Regolamento Generale UE sulla protezione dei dati personali n. 679\/2016, i dati personali identificativi da lei comunicati in occasione della registrazione sul [&hellip;]","og_url":"https:\/\/alumni.polimi.it\/en\/1999\/02\/24\/eventi-privacy\/","og_site_name":"Alumni","article_publisher":"https:\/\/www.facebook.com\/AlumniPolimi\/","article_published_time":"1999-02-24T09:10:00+00:00","article_modified_time":"2021-02-24T09:11:22+00:00","author":"admin","twitter_card":"summary_large_image","twitter_misc":{"Written by":"admin","Est. reading time":"3 minutes"},"schema":{"@context":"https:\/\/schema.org","@graph":[{"@type":"Article","@id":"https:\/\/alumni.polimi.it\/1999\/02\/24\/eventi-privacy\/#article","isPartOf":{"@id":"https:\/\/alumni.polimi.it\/1999\/02\/24\/eventi-privacy\/"},"author":{"name":"admin","@id":"https:\/\/alumni.polimi.it\/#\/schema\/person\/ad861bbe4e9151a1e36776ad0690b95f"},"headline":"Eventi &#8211; Privacy","datePublished":"1999-02-24T09:10:00+00:00","dateModified":"2021-02-24T09:11:22+00:00","mainEntityOfPage":{"@id":"https:\/\/alumni.polimi.it\/1999\/02\/24\/eventi-privacy\/"},"wordCount":556,"commentCount":0,"publisher":{"@id":"https:\/\/alumni.polimi.it\/#organization"},"articleSection":["Convention"],"inLanguage":"en-US","potentialAction":[{"@type":"CommentAction","name":"Comment","target":["https:\/\/alumni.polimi.it\/1999\/02\/24\/eventi-privacy\/#respond"]}]},{"@type":"WebPage","@id":"https:\/\/alumni.polimi.it\/1999\/02\/24\/eventi-privacy\/","url":"https:\/\/alumni.polimi.it\/1999\/02\/24\/eventi-privacy\/","name":"Eventi - Privacy - Alumni","isPartOf":{"@id":"https:\/\/alumni.polimi.it\/#website"},"datePublished":"1999-02-24T09:10:00+00:00","dateModified":"2021-02-24T09:11:22+00:00","breadcrumb":{"@id":"https:\/\/alumni.polimi.it\/1999\/02\/24\/eventi-privacy\/#breadcrumb"},"inLanguage":"en-US","potentialAction":[{"@type":"ReadAction","target":["https:\/\/alumni.polimi.it\/1999\/02\/24\/eventi-privacy\/"]}]},{"@type":"BreadcrumbList","@id":"https:\/\/alumni.polimi.it\/1999\/02\/24\/eventi-privacy\/#breadcrumb","itemListElement":[{"@type":"ListItem","position":1,"name":"Home","item":"https:\/\/alumni.polimi.it\/"},{"@type":"ListItem","position":2,"name":"Eventi &#8211; Privacy"}]},{"@type":"WebSite","@id":"https:\/\/alumni.polimi.it\/#website","url":"https:\/\/alumni.polimi.it\/","name":"Alumni","description":"Politecnico di Milano","publisher":{"@id":"https:\/\/alumni.polimi.it\/#organization"},"potentialAction":[{"@type":"SearchAction","target":{"@type":"EntryPoint","urlTemplate":"https:\/\/alumni.polimi.it\/?s={search_term_string}"},"query-input":{"@type":"PropertyValueSpecification","valueRequired":true,"valueName":"search_term_string"}}],"inLanguage":"en-US"},{"@type":"Organization","@id":"https:\/\/alumni.polimi.it\/#organization","name":"Alumni Polimi Association","url":"https:\/\/alumni.polimi.it\/","logo":{"@type":"ImageObject","inLanguage":"en-US","@id":"https:\/\/alumni.polimi.it\/#\/schema\/logo\/image\/","url":"https:\/\/alumni.polimi.it\/wp-content\/uploads\/Alumni.jpg","contentUrl":"https:\/\/alumni.polimi.it\/wp-content\/uploads\/Alumni.jpg","width":1000,"height":267,"caption":"Alumni Polimi Association"},"image":{"@id":"https:\/\/alumni.polimi.it\/#\/schema\/logo\/image\/"},"sameAs":["https:\/\/www.facebook.com\/AlumniPolimi\/","https:\/\/www.linkedin.com\/company\/alumni-politecnico-di-milano\/"]},{"@type":"Person","@id":"https:\/\/alumni.polimi.it\/#\/schema\/person\/ad861bbe4e9151a1e36776ad0690b95f","name":"admin","image":{"@type":"ImageObject","inLanguage":"en-US","@id":"https:\/\/secure.gravatar.com\/avatar\/178b92607435216fe5ceb1d5478e4a76a899165c4fa31ae02b138ccfaf43ba0b?s=96&d=mm&r=g","url":"https:\/\/secure.gravatar.com\/avatar\/178b92607435216fe5ceb1d5478e4a76a899165c4fa31ae02b138ccfaf43ba0b?s=96&d=mm&r=g","contentUrl":"https:\/\/secure.gravatar.com\/avatar\/178b92607435216fe5ceb1d5478e4a76a899165c4fa31ae02b138ccfaf43ba0b?s=96&d=mm&r=g","caption":"admin"},"url":"https:\/\/alumni.polimi.it\/en\/author\/admin\/"}]}},"_links":{"self":[{"href":"https:\/\/alumni.polimi.it\/en\/wp-json\/wp\/v2\/posts\/21791","targetHints":{"allow":["GET"]}}],"collection":[{"href":"https:\/\/alumni.polimi.it\/en\/wp-json\/wp\/v2\/posts"}],"about":[{"href":"https:\/\/alumni.polimi.it\/en\/wp-json\/wp\/v2\/types\/post"}],"author":[{"embeddable":true,"href":"https:\/\/alumni.polimi.it\/en\/wp-json\/wp\/v2\/users\/29"}],"replies":[{"embeddable":true,"href":"https:\/\/alumni.polimi.it\/en\/wp-json\/wp\/v2\/comments?post=21791"}],"version-history":[{"count":2,"href":"https:\/\/alumni.polimi.it\/en\/wp-json\/wp\/v2\/posts\/21791\/revisions"}],"predecessor-version":[{"id":21793,"href":"https:\/\/alumni.polimi.it\/en\/wp-json\/wp\/v2\/posts\/21791\/revisions\/21793"}],"wp:attachment":[{"href":"https:\/\/alumni.polimi.it\/en\/wp-json\/wp\/v2\/media?parent=21791"}],"wp:term":[{"taxonomy":"category","embeddable":true,"href":"https:\/\/alumni.polimi.it\/en\/wp-json\/wp\/v2\/categories?post=21791"},{"taxonomy":"post_tag","embeddable":true,"href":"https:\/\/alumni.polimi.it\/en\/wp-json\/wp\/v2\/tags?post=21791"}],"curies":[{"name":"wp","href":"https:\/\/api.w.org\/{rel}","templated":true}]}}